{"id":2443,"date":"2024-01-05T14:25:45","date_gmt":"2024-01-05T13:25:45","guid":{"rendered":"https:\/\/www.bordeaux-gazette.com\/annuaire\/?p=2443"},"modified":"2024-01-05T14:25:45","modified_gmt":"2024-01-05T13:25:45","slug":"musique-qui-sera-la-personnalite-preferee-des-francais-cette-annee","status":"publish","type":"post","link":"https:\/\/www.bordeaux-gazette.com\/annuaire\/musique-qui-sera-la-personnalite-preferee-des-francais-cette-annee\/","title":{"rendered":"Musique : qui sera la personnalit\u00e9 pr\u00e9f\u00e9r\u00e9e des fran\u00e7ais cette ann\u00e9e ?"},"content":{"rendered":"<p>Chaque ann\u00e9e, un \u00e9chantillon repr\u00e9sentatif de la population fran\u00e7aise vote pour sa personnalit\u00e9 pr\u00e9f\u00e9r\u00e9e. Aussi surprenant que cela puisse para\u00eetre, cette c\u00e9l\u00e9brit\u00e9 est Jean-Jacques Goldman depuis plusieurs ann\u00e9es ! Surprenant car, finalement, nous ne connaissons que peu de choses de cet auteur-compositeur-interpr\u00e8te. Jean-Jacques Goldman sera-t-il \u00e0 nouveau la personnalit\u00e9 pr\u00e9f\u00e9r\u00e9e des fran\u00e7ais cette ann\u00e9e ? Que sait-on de cette c\u00e9l\u00e9brit\u00e9 ?<\/p>\n<h2>Un artiste aux multiples facettes<\/h2>\n<p>Le chanteur Jean-Jacques Goldman est n\u00e9 \u00e0 Paris en 1951, dans une famille juive d\u2019origine polonaise et allemande. il a commenc\u00e9 la musique tr\u00e8s jeune, en jouant du violon, du piano, de la guitare et de la trompette. Il a fait partie du groupe de rock Ta\u00ef Phong, puis a entam\u00e9 une carri\u00e8re solo en 1981. Il a form\u00e9 le trio Fredericks Goldman Jones avec Carole Fredericks et Michael Jones.<\/p>\n<p>Cet auteur a \u00e9crit pour de nombreux artistes, notamment l\u2019album D\u2019eux de C\u00e9line Dion, le plus vendu en langue fran\u00e7aise. Il a aussi cr\u00e9\u00e9 et anim\u00e9 les Enfoir\u00e9s, le collectif d\u2019artistes qui soutient les Restos du C\u0153ur.<\/p>\n<h2>Un retrait volontaire et discret<\/h2>\n<p>Sans donner de raison pr\u00e9cise, Jean-Jacques Goldman a annonc\u00e9 qu\u2019il arr\u00eatait sa carri\u00e8re musicale en 2004. Il a quitt\u00e9 la France et s\u2019est install\u00e9 \u00e0 Londres avec sa deuxi\u00e8me femme, Nathalie, et leurs trois enfants. Comme le confirme cette \u00e9tude\u00a0<a href=\"https:\/\/www.expressvpn.com\/fr\/blog\/que-devient-jean-jacques-goldman\/\">ExpressVPN<\/a>, il se fait tr\u00e8s rare dans les m\u00e9dias et les \u00e9v\u00e9nements publics.<\/p>\n<p>Jean-Jacques Goldman n\u2019appara\u00eet plus dans les Enfoir\u00e9s depuis 2016, mais il continue \u00e0 \u00e9crire des chansons pour eux. Il collabore aussi parfois avec certains artistes, comme Patrick Fiori, Les Pr\u00eatres ou C\u00e9line Dion. Aussi, il refuse toute proposition de retour sur sc\u00e8ne ou de nouvel album.<\/p>\n<h2>Un homme engag\u00e9 et g\u00e9n\u00e9reux<\/h2>\n<p>Malgr\u00e9 son retrait, Jean-Jacques Goldman reste tr\u00e8s impliqu\u00e9 dans les causes humanitaires et sociales. Il participe aussi \u00e0 des campagnes de sensibilisation et de solidarit\u00e9, comme le Sidaction, le T\u00e9l\u00e9thon ou la Journ\u00e9e mondiale des r\u00e9fugi\u00e9s.<\/p>\n<p>\u00c9galement, il fait des dons discrets \u00e0 des associations locales ou \u00e0 des personnes dans le besoin. Il est reconnu pour sa g\u00e9n\u00e9rosit\u00e9 et sa simplicit\u00e9, qui contrastent avec son statut de star.<\/p>\n<h2>Un symbole de la culture fran\u00e7aise<\/h2>\n<p>Jean-Jacques Goldman est consid\u00e9r\u00e9 comme l\u2019un des repr\u00e9sentants les plus embl\u00e9matiques de la culture fran\u00e7aise. Ses chansons sont connues et appr\u00e9ci\u00e9es par des millions de personnes, de tous les \u00e2ges et de tous les horizons.<\/p>\n<p>Elles v\u00e9hiculent des valeurs de tol\u00e9rance, de fraternit\u00e9, de libert\u00e9 et d\u2019optimisme. Aussi, elles font partie du patrimoine musical et de la m\u00e9moire collective. Ces chansons sont r\u00e9guli\u00e8rement reprises ou adapt\u00e9es par d\u2019autres artistes, comme les Kids United, les Gipsy Kings ou les Ch\u0153urs de l\u2019Arm\u00e9e Rouge.<\/p>\n<h2>Une personnalit\u00e9 pr\u00e9f\u00e9r\u00e9e et respect\u00e9e<\/h2>\n<p>\u00c9lu personnalit\u00e9 pr\u00e9f\u00e9r\u00e9e des Fran\u00e7ais dans les sondages, Jean-Jacques Goldman b\u00e9n\u00e9ficie d\u2019une popularit\u00e9 et d\u2019une cr\u00e9dibilit\u00e9 qui d\u00e9passent les clivages et les modes. Il est admir\u00e9 pour son talent, son parcours, son engagement, sa discr\u00e9tion et son humilit\u00e9. Il est respect\u00e9 pour ses choix, ses convictions, sa sinc\u00e9rit\u00e9 et son int\u00e9grit\u00e9.<\/p>\n<p>De plus, il est aim\u00e9 pour sa proximit\u00e9, sa gentillesse, son humour et son humanit\u00e9. Il est l\u2019objet d\u2019un v\u00e9ritable culte de la part de ses fans, qui lui t\u00e9moignent leur fid\u00e9lit\u00e9 et leur reconnaissance. Il est aussi l\u2019inspiration de nombreux artistes, qui lui rendent hommage ou lui expriment leur admiration.<\/p>\n<p>Jean-Jacques Goldman est donc une personnalit\u00e9 unique et incontournable de la sc\u00e8ne fran\u00e7aise. Il a su marquer les esprits et les c\u0153urs avec sa musique et sa personnalit\u00e9. Il a choisi de vivre loin des projecteurs, mais il reste pr\u00e9sent dans le paysage culturel et social. Il est le symbole d\u2019une France qui chante, qui r\u00eave, qui s\u2019engage et qui aime.<\/p>\n","protected":false},"excerpt":{"rendered":"<p>Chaque ann\u00e9e, un \u00e9chantillon repr\u00e9sentatif de la population fran\u00e7aise vote pour sa personnalit\u00e9 pr\u00e9f\u00e9r\u00e9e. Aussi surprenant que cela puisse para\u00eetre, cette c\u00e9l\u00e9brit\u00e9 est Jean-Jacques Goldman depuis plusieurs ann\u00e9es ! Surprenant car, finalement, nous ne connaissons que peu de choses de cet auteur-compositeur-interpr\u00e8te. Jean-Jacques Goldman sera-t-il \u00e0 nouveau la personnalit\u00e9 pr\u00e9f\u00e9r\u00e9e des fran\u00e7ais cette ann\u00e9e ? [&hellip;]<\/p>\n","protected":false},"author":1,"featured_media":2444,"comment_status":"closed","ping_status":"closed","sticky":false,"template":"","format":"standard","meta":[],"categories":[1],"tags":[],"yoast_head":"<!-- This site is optimized with the Yoast SEO plugin v18.1 - https:\/\/yoast.com\/wordpress\/plugins\/seo\/ -->\n<title>Musique : qui sera la personnalit\u00e9 pr\u00e9f\u00e9r\u00e9e des fran\u00e7ais cette ann\u00e9e ? - Bordeaux Gazette Annuaire<\/title>\n<meta name=\"robots\" content=\"index, follow, max-snippet:-1, max-image-preview:large, max-video-preview:-1\" \/>\n<link rel=\"canonical\" href=\"https:\/\/www.bordeaux-gazette.com\/annuaire\/musique-qui-sera-la-personnalite-preferee-des-francais-cette-annee\/\" \/>\n<meta property=\"og:locale\" content=\"fr_FR\" \/>\n<meta property=\"og:type\" content=\"article\" \/>\n<meta property=\"og:title\" content=\"Musique : qui sera la personnalit\u00e9 pr\u00e9f\u00e9r\u00e9e des fran\u00e7ais cette ann\u00e9e ? - Bordeaux Gazette Annuaire\" \/>\n<meta property=\"og:description\" content=\"Chaque ann\u00e9e, un \u00e9chantillon repr\u00e9sentatif de la population fran\u00e7aise vote pour sa personnalit\u00e9 pr\u00e9f\u00e9r\u00e9e. Aussi surprenant que cela puisse para\u00eetre, cette c\u00e9l\u00e9brit\u00e9 est Jean-Jacques Goldman depuis plusieurs ann\u00e9es ! Surprenant car, finalement, nous ne connaissons que peu de choses de cet auteur-compositeur-interpr\u00e8te. Jean-Jacques Goldman sera-t-il \u00e0 nouveau la personnalit\u00e9 pr\u00e9f\u00e9r\u00e9e des fran\u00e7ais cette ann\u00e9e ? [&hellip;]\" \/>\n<meta property=\"og:url\" content=\"https:\/\/www.bordeaux-gazette.com\/annuaire\/musique-qui-sera-la-personnalite-preferee-des-francais-cette-annee\/\" \/>\n<meta property=\"og:site_name\" content=\"Bordeaux Gazette Annuaire\" \/>\n<meta property=\"article:publisher\" content=\"https:\/\/www.facebook.com\/BGannuaire\/\" \/>\n<meta property=\"article:author\" content=\"https:\/\/www.facebook.com\/BGannuaire\/\" \/>\n<meta property=\"article:published_time\" content=\"2024-01-05T13:25:45+00:00\" \/>\n<meta property=\"og:image\" content=\"https:\/\/www.bordeaux-gazette.com\/annuaire\/wp-content\/uploads\/2024\/01\/b04388109592278d704ce21ec3f836da.jpg\" \/>\n\t<meta property=\"og:image:width\" content=\"960\" \/>\n\t<meta property=\"og:image:height\" content=\"640\" \/>\n\t<meta property=\"og:image:type\" content=\"image\/jpeg\" \/>\n<meta name=\"twitter:card\" content=\"summary_large_image\" \/>\n<meta name=\"twitter:label1\" content=\"\u00c9crit par\" \/>\n\t<meta name=\"twitter:data1\" content=\"Admin\" \/>\n\t<meta name=\"twitter:label2\" content=\"Dur\u00e9e de lecture estim\u00e9e\" \/>\n\t<meta name=\"twitter:data2\" content=\"3 minutes\" \/>\n<script type=\"application\/ld+json\" class=\"yoast-schema-graph\">{\"@context\":\"https:\/\/schema.org\",\"@graph\":[{\"@type\":\"Organization\",\"@id\":\"https:\/\/www.bordeaux-gazette.com\/annuaire\/#organization\",\"name\":\"Bordeaux Gazette Annuaire\",\"url\":\"https:\/\/www.bordeaux-gazette.com\/annuaire\/\",\"sameAs\":[\"https:\/\/www.facebook.com\/BGannuaire\/\"],\"logo\":{\"@type\":\"ImageObject\",\"@id\":\"https:\/\/www.bordeaux-gazette.com\/annuaire\/#logo\",\"inLanguage\":\"fr-FR\",\"url\":\"https:\/\/www.bordeaux-gazette.com\/annuaire\/wp-content\/uploads\/2017\/04\/bgannu_logo3.jpg\",\"contentUrl\":\"https:\/\/www.bordeaux-gazette.com\/annuaire\/wp-content\/uploads\/2017\/04\/bgannu_logo3.jpg\",\"width\":118,\"height\":105,\"caption\":\"Bordeaux Gazette Annuaire\"},\"image\":{\"@id\":\"https:\/\/www.bordeaux-gazette.com\/annuaire\/#logo\"}},{\"@type\":\"WebSite\",\"@id\":\"https:\/\/www.bordeaux-gazette.com\/annuaire\/#website\",\"url\":\"https:\/\/www.bordeaux-gazette.com\/annuaire\/\",\"name\":\"Bordeaux Gazette Annuaire\",\"description\":\"Les commerces et services pr\u00e8s de chez vous\",\"publisher\":{\"@id\":\"https:\/\/www.bordeaux-gazette.com\/annuaire\/#organization\"},\"potentialAction\":[{\"@type\":\"SearchAction\",\"target\":{\"@type\":\"EntryPoint\",\"urlTemplate\":\"https:\/\/www.bordeaux-gazette.com\/annuaire\/?s={search_term_string}\"},\"query-input\":\"required name=search_term_string\"}],\"inLanguage\":\"fr-FR\"},{\"@type\":\"ImageObject\",\"@id\":\"https:\/\/www.bordeaux-gazette.com\/annuaire\/musique-qui-sera-la-personnalite-preferee-des-francais-cette-annee\/#primaryimage\",\"inLanguage\":\"fr-FR\",\"url\":\"https:\/\/www.bordeaux-gazette.com\/annuaire\/wp-content\/uploads\/2024\/01\/b04388109592278d704ce21ec3f836da.jpg\",\"contentUrl\":\"https:\/\/www.bordeaux-gazette.com\/annuaire\/wp-content\/uploads\/2024\/01\/b04388109592278d704ce21ec3f836da.jpg\",\"width\":960,\"height\":640},{\"@type\":\"WebPage\",\"@id\":\"https:\/\/www.bordeaux-gazette.com\/annuaire\/musique-qui-sera-la-personnalite-preferee-des-francais-cette-annee\/#webpage\",\"url\":\"https:\/\/www.bordeaux-gazette.com\/annuaire\/musique-qui-sera-la-personnalite-preferee-des-francais-cette-annee\/\",\"name\":\"Musique : qui sera la personnalit\u00e9 pr\u00e9f\u00e9r\u00e9e des fran\u00e7ais cette ann\u00e9e ? - Bordeaux Gazette Annuaire\",\"isPartOf\":{\"@id\":\"https:\/\/www.bordeaux-gazette.com\/annuaire\/#website\"},\"primaryImageOfPage\":{\"@id\":\"https:\/\/www.bordeaux-gazette.com\/annuaire\/musique-qui-sera-la-personnalite-preferee-des-francais-cette-annee\/#primaryimage\"},\"datePublished\":\"2024-01-05T13:25:45+00:00\",\"dateModified\":\"2024-01-05T13:25:45+00:00\",\"breadcrumb\":{\"@id\":\"https:\/\/www.bordeaux-gazette.com\/annuaire\/musique-qui-sera-la-personnalite-preferee-des-francais-cette-annee\/#breadcrumb\"},\"inLanguage\":\"fr-FR\",\"potentialAction\":[{\"@type\":\"ReadAction\",\"target\":[\"https:\/\/www.bordeaux-gazette.com\/annuaire\/musique-qui-sera-la-personnalite-preferee-des-francais-cette-annee\/\"]}]},{\"@type\":\"BreadcrumbList\",\"@id\":\"https:\/\/www.bordeaux-gazette.com\/annuaire\/musique-qui-sera-la-personnalite-preferee-des-francais-cette-annee\/#breadcrumb\",\"itemListElement\":[{\"@type\":\"ListItem\",\"position\":1,\"name\":\"Accueil\",\"item\":\"https:\/\/www.bordeaux-gazette.com\/annuaire\/\"},{\"@type\":\"ListItem\",\"position\":2,\"name\":\"Musique : qui sera la personnalit\u00e9 pr\u00e9f\u00e9r\u00e9e des fran\u00e7ais cette ann\u00e9e ?\"}]},{\"@type\":\"Article\",\"@id\":\"https:\/\/www.bordeaux-gazette.com\/annuaire\/musique-qui-sera-la-personnalite-preferee-des-francais-cette-annee\/#article\",\"isPartOf\":{\"@id\":\"https:\/\/www.bordeaux-gazette.com\/annuaire\/musique-qui-sera-la-personnalite-preferee-des-francais-cette-annee\/#webpage\"},\"author\":{\"@id\":\"https:\/\/www.bordeaux-gazette.com\/annuaire\/#\/schema\/person\/7335e3c9b4a52ba98dc9037073e42b56\"},\"headline\":\"Musique : qui sera la personnalit\u00e9 pr\u00e9f\u00e9r\u00e9e des fran\u00e7ais cette ann\u00e9e ?\",\"datePublished\":\"2024-01-05T13:25:45+00:00\",\"dateModified\":\"2024-01-05T13:25:45+00:00\",\"mainEntityOfPage\":{\"@id\":\"https:\/\/www.bordeaux-gazette.com\/annuaire\/musique-qui-sera-la-personnalite-preferee-des-francais-cette-annee\/#webpage\"},\"wordCount\":710,\"publisher\":{\"@id\":\"https:\/\/www.bordeaux-gazette.com\/annuaire\/#organization\"},\"image\":{\"@id\":\"https:\/\/www.bordeaux-gazette.com\/annuaire\/musique-qui-sera-la-personnalite-preferee-des-francais-cette-annee\/#primaryimage\"},\"thumbnailUrl\":\"https:\/\/www.bordeaux-gazette.com\/annuaire\/wp-content\/uploads\/2024\/01\/b04388109592278d704ce21ec3f836da.jpg\",\"articleSection\":[\"Le Blog\"],\"inLanguage\":\"fr-FR\"},{\"@type\":\"Person\",\"@id\":\"https:\/\/www.bordeaux-gazette.com\/annuaire\/#\/schema\/person\/7335e3c9b4a52ba98dc9037073e42b56\",\"name\":\"Admin\",\"image\":{\"@type\":\"ImageObject\",\"@id\":\"https:\/\/www.bordeaux-gazette.com\/annuaire\/#personlogo\",\"inLanguage\":\"fr-FR\",\"url\":\"https:\/\/www.bordeaux-gazette.com\/annuaire\/wp-content\/uploads\/2020\/08\/user-1-150x150.jpg\",\"contentUrl\":\"https:\/\/www.bordeaux-gazette.com\/annuaire\/wp-content\/uploads\/2020\/08\/user-1-150x150.jpg\",\"caption\":\"Admin\"},\"sameAs\":[\"https:\/\/www.facebook.com\/BGannuaire\/\"]}]}<\/script>\n<!-- \/ Yoast SEO plugin. -->","yoast_head_json":{"title":"Musique : qui sera la personnalit\u00e9 pr\u00e9f\u00e9r\u00e9e des fran\u00e7ais cette ann\u00e9e ? - Bordeaux Gazette Annuaire","robots":{"index":"index","follow":"follow","max-snippet":"max-snippet:-1","max-image-preview":"max-image-preview:large","max-video-preview":"max-video-preview:-1"},"canonical":"https:\/\/www.bordeaux-gazette.com\/annuaire\/musique-qui-sera-la-personnalite-preferee-des-francais-cette-annee\/","og_locale":"fr_FR","og_type":"article","og_title":"Musique : qui sera la personnalit\u00e9 pr\u00e9f\u00e9r\u00e9e des fran\u00e7ais cette ann\u00e9e ? - Bordeaux Gazette Annuaire","og_description":"Chaque ann\u00e9e, un \u00e9chantillon repr\u00e9sentatif de la population fran\u00e7aise vote pour sa personnalit\u00e9 pr\u00e9f\u00e9r\u00e9e. Aussi surprenant que cela puisse para\u00eetre, cette c\u00e9l\u00e9brit\u00e9 est Jean-Jacques Goldman depuis plusieurs ann\u00e9es ! Surprenant car, finalement, nous ne connaissons que peu de choses de cet auteur-compositeur-interpr\u00e8te. Jean-Jacques Goldman sera-t-il \u00e0 nouveau la personnalit\u00e9 pr\u00e9f\u00e9r\u00e9e des fran\u00e7ais cette ann\u00e9e ? [&hellip;]","og_url":"https:\/\/www.bordeaux-gazette.com\/annuaire\/musique-qui-sera-la-personnalite-preferee-des-francais-cette-annee\/","og_site_name":"Bordeaux Gazette Annuaire","article_publisher":"https:\/\/www.facebook.com\/BGannuaire\/","article_author":"https:\/\/www.facebook.com\/BGannuaire\/","article_published_time":"2024-01-05T13:25:45+00:00","og_image":[{"width":960,"height":640,"url":"https:\/\/www.bordeaux-gazette.com\/annuaire\/wp-content\/uploads\/2024\/01\/b04388109592278d704ce21ec3f836da.jpg","type":"image\/jpeg"}],"twitter_card":"summary_large_image","twitter_misc":{"\u00c9crit par":"Admin","Dur\u00e9e de lecture estim\u00e9e":"3 minutes"},"schema":{"@context":"https:\/\/schema.org","@graph":[{"@type":"Organization","@id":"https:\/\/www.bordeaux-gazette.com\/annuaire\/#organization","name":"Bordeaux Gazette Annuaire","url":"https:\/\/www.bordeaux-gazette.com\/annuaire\/","sameAs":["https:\/\/www.facebook.com\/BGannuaire\/"],"logo":{"@type":"ImageObject","@id":"https:\/\/www.bordeaux-gazette.com\/annuaire\/#logo","inLanguage":"fr-FR","url":"https:\/\/www.bordeaux-gazette.com\/annuaire\/wp-content\/uploads\/2017\/04\/bgannu_logo3.jpg","contentUrl":"https:\/\/www.bordeaux-gazette.com\/annuaire\/wp-content\/uploads\/2017\/04\/bgannu_logo3.jpg","width":118,"height":105,"caption":"Bordeaux Gazette Annuaire"},"image":{"@id":"https:\/\/www.bordeaux-gazette.com\/annuaire\/#logo"}},{"@type":"WebSite","@id":"https:\/\/www.bordeaux-gazette.com\/annuaire\/#website","url":"https:\/\/www.bordeaux-gazette.com\/annuaire\/","name":"Bordeaux Gazette Annuaire","description":"Les commerces et services pr\u00e8s de chez vous","publisher":{"@id":"https:\/\/www.bordeaux-gazette.com\/annuaire\/#organization"},"potentialAction":[{"@type":"SearchAction","target":{"@type":"EntryPoint","urlTemplate":"https:\/\/www.bordeaux-gazette.com\/annuaire\/?s={search_term_string}"},"query-input":"required name=search_term_string"}],"inLanguage":"fr-FR"},{"@type":"ImageObject","@id":"https:\/\/www.bordeaux-gazette.com\/annuaire\/musique-qui-sera-la-personnalite-preferee-des-francais-cette-annee\/#primaryimage","inLanguage":"fr-FR","url":"https:\/\/www.bordeaux-gazette.com\/annuaire\/wp-content\/uploads\/2024\/01\/b04388109592278d704ce21ec3f836da.jpg","contentUrl":"https:\/\/www.bordeaux-gazette.com\/annuaire\/wp-content\/uploads\/2024\/01\/b04388109592278d704ce21ec3f836da.jpg","width":960,"height":640},{"@type":"WebPage","@id":"https:\/\/www.bordeaux-gazette.com\/annuaire\/musique-qui-sera-la-personnalite-preferee-des-francais-cette-annee\/#webpage","url":"https:\/\/www.bordeaux-gazette.com\/annuaire\/musique-qui-sera-la-personnalite-preferee-des-francais-cette-annee\/","name":"Musique : qui sera la personnalit\u00e9 pr\u00e9f\u00e9r\u00e9e des fran\u00e7ais cette ann\u00e9e ? - Bordeaux Gazette Annuaire","isPartOf":{"@id":"https:\/\/www.bordeaux-gazette.com\/annuaire\/#website"},"primaryImageOfPage":{"@id":"https:\/\/www.bordeaux-gazette.com\/annuaire\/musique-qui-sera-la-personnalite-preferee-des-francais-cette-annee\/#primaryimage"},"datePublished":"2024-01-05T13:25:45+00:00","dateModified":"2024-01-05T13:25:45+00:00","breadcrumb":{"@id":"https:\/\/www.bordeaux-gazette.com\/annuaire\/musique-qui-sera-la-personnalite-preferee-des-francais-cette-annee\/#breadcrumb"},"inLanguage":"fr-FR","potentialAction":[{"@type":"ReadAction","target":["https:\/\/www.bordeaux-gazette.com\/annuaire\/musique-qui-sera-la-personnalite-preferee-des-francais-cette-annee\/"]}]},{"@type":"BreadcrumbList","@id":"https:\/\/www.bordeaux-gazette.com\/annuaire\/musique-qui-sera-la-personnalite-preferee-des-francais-cette-annee\/#breadcrumb","itemListElement":[{"@type":"ListItem","position":1,"name":"Accueil","item":"https:\/\/www.bordeaux-gazette.com\/annuaire\/"},{"@type":"ListItem","position":2,"name":"Musique : qui sera la personnalit\u00e9 pr\u00e9f\u00e9r\u00e9e des fran\u00e7ais cette ann\u00e9e ?"}]},{"@type":"Article","@id":"https:\/\/www.bordeaux-gazette.com\/annuaire\/musique-qui-sera-la-personnalite-preferee-des-francais-cette-annee\/#article","isPartOf":{"@id":"https:\/\/www.bordeaux-gazette.com\/annuaire\/musique-qui-sera-la-personnalite-preferee-des-francais-cette-annee\/#webpage"},"author":{"@id":"https:\/\/www.bordeaux-gazette.com\/annuaire\/#\/schema\/person\/7335e3c9b4a52ba98dc9037073e42b56"},"headline":"Musique : qui sera la personnalit\u00e9 pr\u00e9f\u00e9r\u00e9e des fran\u00e7ais cette ann\u00e9e ?","datePublished":"2024-01-05T13:25:45+00:00","dateModified":"2024-01-05T13:25:45+00:00","mainEntityOfPage":{"@id":"https:\/\/www.bordeaux-gazette.com\/annuaire\/musique-qui-sera-la-personnalite-preferee-des-francais-cette-annee\/#webpage"},"wordCount":710,"publisher":{"@id":"https:\/\/www.bordeaux-gazette.com\/annuaire\/#organization"},"image":{"@id":"https:\/\/www.bordeaux-gazette.com\/annuaire\/musique-qui-sera-la-personnalite-preferee-des-francais-cette-annee\/#primaryimage"},"thumbnailUrl":"https:\/\/www.bordeaux-gazette.com\/annuaire\/wp-content\/uploads\/2024\/01\/b04388109592278d704ce21ec3f836da.jpg","articleSection":["Le Blog"],"inLanguage":"fr-FR"},{"@type":"Person","@id":"https:\/\/www.bordeaux-gazette.com\/annuaire\/#\/schema\/person\/7335e3c9b4a52ba98dc9037073e42b56","name":"Admin","image":{"@type":"ImageObject","@id":"https:\/\/www.bordeaux-gazette.com\/annuaire\/#personlogo","inLanguage":"fr-FR","url":"https:\/\/www.bordeaux-gazette.com\/annuaire\/wp-content\/uploads\/2020\/08\/user-1-150x150.jpg","contentUrl":"https:\/\/www.bordeaux-gazette.com\/annuaire\/wp-content\/uploads\/2020\/08\/user-1-150x150.jpg","caption":"Admin"},"sameAs":["https:\/\/www.facebook.com\/BGannuaire\/"]}]}},"_links":{"self":[{"href":"https:\/\/www.bordeaux-gazette.com\/annuaire\/wp-json\/wp\/v2\/posts\/2443"}],"collection":[{"href":"https:\/\/www.bordeaux-gazette.com\/annuaire\/wp-json\/wp\/v2\/posts"}],"about":[{"href":"https:\/\/www.bordeaux-gazette.com\/annuaire\/wp-json\/wp\/v2\/types\/post"}],"author":[{"embeddable":true,"href":"https:\/\/www.bordeaux-gazette.com\/annuaire\/wp-json\/wp\/v2\/users\/1"}],"replies":[{"embeddable":true,"href":"https:\/\/www.bordeaux-gazette.com\/annuaire\/wp-json\/wp\/v2\/comments?post=2443"}],"version-history":[{"count":1,"href":"https:\/\/www.bordeaux-gazette.com\/annuaire\/wp-json\/wp\/v2\/posts\/2443\/revisions"}],"predecessor-version":[{"id":2445,"href":"https:\/\/www.bordeaux-gazette.com\/annuaire\/wp-json\/wp\/v2\/posts\/2443\/revisions\/2445"}],"wp:featuredmedia":[{"embeddable":true,"href":"https:\/\/www.bordeaux-gazette.com\/annuaire\/wp-json\/wp\/v2\/media\/2444"}],"wp:attachment":[{"href":"https:\/\/www.bordeaux-gazette.com\/annuaire\/wp-json\/wp\/v2\/media?parent=2443"}],"wp:term":[{"taxonomy":"category","embeddable":true,"href":"https:\/\/www.bordeaux-gazette.com\/annuaire\/wp-json\/wp\/v2\/categories?post=2443"},{"taxonomy":"post_tag","embeddable":true,"href":"https:\/\/www.bordeaux-gazette.com\/annuaire\/wp-json\/wp\/v2\/tags?post=2443"}],"curies":[{"name":"wp","href":"https:\/\/api.w.org\/{rel}","templated":true}]}}