{"id":2432,"date":"2023-11-27T15:15:36","date_gmt":"2023-11-27T14:15:36","guid":{"rendered":"https:\/\/www.bordeaux-gazette.com\/annuaire\/?p=2432"},"modified":"2023-11-27T15:16:43","modified_gmt":"2023-11-27T14:16:43","slug":"les-girondins-de-bordeaux-risquent-ils-vraiment-de-descendre-en-national","status":"publish","type":"post","link":"https:\/\/www.bordeaux-gazette.com\/annuaire\/les-girondins-de-bordeaux-risquent-ils-vraiment-de-descendre-en-national\/","title":{"rendered":"Les Girondins de Bordeaux risquent-ils vraiment de descendre en National ?"},"content":{"rendered":"<p lang=\"fr-FR\" align=\"justify\"><span style=\"font-family: Helvetica Neue, serif;\"><span style=\"font-size: small;\"><span lang=\"fr-FR\">Le samedi 11 novembre dernier, le Stade Matmut-Atlantique \u00e9tait loin d\u2019afficher complet. Il faut dire que ce jour-l\u00e0, les supporters des Girondins de Bordeaux avaient d\u00e9<\/span><span lang=\"fr-FR\"><span lang=\"es-ES-u-co-trad\">cid<\/span><\/span><span lang=\"fr-FR\">\u00e9 de faire gr<\/span><span lang=\"it-IT\">\u00e8<\/span><span lang=\"fr-FR\">ve, laissant l\u2019enceinte presque silencieuse.<\/span><\/span><\/span><\/p>\n<p lang=\"fr-FR\" align=\"justify\"><span style=\"font-family: Helvetica Neue, serif;\"><span style=\"font-size: small;\"><span lang=\"fr-FR\">Mais les joueurs, eux, ont fait du bruit sur le terrain. Face \u00e0 Annecy, Bordeaux a en effet d\u00e9croch\u00e9 une victoire cruciale (3-1), ce qui a permis au club de football historique de sortir provisoirement de la zone de rel\u00e9gation en Ligue 2. Une v\u00e9ritable bouff\u00e9e d\u2019oxyg\u00e8ne pour les Bordelais qui occupaient jusqu\u2019alors le 17\u00e8me rang, soit le pire classement de leur histoire !<\/span><\/span><\/span><\/p>\n<p lang=\"fr-FR\" align=\"justify\"><span style=\"font-family: Helvetica Neue, serif;\"><span style=\"font-size: small;\"><span lang=\"fr-FR\"><span style=\"font-size: medium;\"><b>Girondins de Bordeaux : la col\u00e8re des supporters apais\u00e9e temporairement ?<\/b><\/span><\/span><\/span><\/span><\/p>\n<p lang=\"fr-FR\" align=\"justify\"><span style=\"font-family: Helvetica Neue, serif;\"><span style=\"font-size: small;\"><span lang=\"fr-FR\">En marge de la 15\u00e8me journ\u00e9e du championnat de Ligue 2, les Girondins de Bordeaux occupent la 16\u00e8me place du classement, avec 15 points au compteur. La victoire obtenue la journ\u00e9e pr\u00e9c\u00e9dente face \u00e0 Annecy a permis aux hommes d\u2019<\/span><span lang=\"fr-FR\"><span lang=\"de-DE\">Albert R<\/span><\/span><span lang=\"fr-FR\">iera de sortir la t\u00eate hors de l\u2019eau. Ces derniers peuvent remercier leur co\u00e9quipier et homme du match, le Slov\u00e8ne \u017dan Vipotnik, passeur d\u00e9cisif sur un premier but de Pedro Diaz avant de s\u2019illustrer en tant que double buteur !<\/span><\/span><\/span><\/p>\n<p lang=\"fr-FR\" align=\"justify\"><span style=\"font-family: Helvetica Neue, serif;\"><span style=\"font-size: small;\"><span lang=\"fr-FR\">La formation qui,\u00a0<\/span><a href=\"https:\/\/sports.bwin.fr\/fr\/sports\"><u><span style=\"color: #0070c0;\">selon les\u00a0<\/span><\/u><span style=\"color: #0070c0;\">sites de paris sportifs<\/span><u><span style=\"color: #0070c0;\">\u00a0n\u2019a d\u00e9sormais plus la moindre chance de remporter le championnat<\/span><\/u><\/a><span lang=\"fr-FR\"><span style=\"color: #0070c0;\">\u00a0<\/span><\/span><span lang=\"fr-FR\">avec une cote moyenne de 17.00, a su mettre fin \u00e0 une s\u00e9rie de 7 matches cons\u00e9cutifs sans victoire. En outre, les Girondins peuvent esp\u00e9rer avoir apais\u00e9 la col\u00e8re des supporters, les tribunes ayant pr\u00e9c\u00e9demment \u00e9t\u00e9 le th\u00e9\u00e2tre de banderoles accusatrices.<\/span><\/span><\/span><\/p>\n<p lang=\"fr-FR\" align=\"justify\"><span style=\"font-family: Helvetica Neue, serif;\"><span style=\"font-size: small;\"><span lang=\"fr-FR\">Rappelons que les Girondins ont connu un d\u00e9but de saison difficile, se retrouvant \u00e0 la 17\u00e8me place au coup d\u2019envoi du dernier match qu\u2019ils ont disput\u00e9, une position d\u00e9j\u00e0 synonyme de rel\u00e9gation en National. Les supporters, exprimant leur logique frustration, ont fait entendre leur voix avec\u00a0<\/span><span style=\"color: #0433ff;\"><span lang=\"fr-FR\"><u><a href=\"https:\/\/madeingirondins.ouest-france.fr\/infos\/article-girondins-la-colere-noire-des-supporters-bordelais-lors-du-match-face-au-fc-annecy-428595.html\">des messages virulents<\/a><\/u><\/span><\/span><span lang=\"fr-FR\">\u00a0tels que \u00ab\u00a0<\/span><span lang=\"fr-FR\"><span lang=\"it-IT\"><i>Honte \u00e0\u00a0<\/i><\/span><\/span><span lang=\"fr-FR\"><i>vous<\/i><\/span><span lang=\"fr-FR\">\u00a0\u00bb et \u00ab\u00a0<\/span><span lang=\"fr-FR\"><i>Joueurs : le respect et le soutien se m\u00e9ritent<\/i><\/span><span lang=\"fr-FR\">\u00a0\u00bb. La victoire contre Annecy a offert un r\u00e9pit bienvenu, mais la question qui se pose maintenant est de savoir si cela suffira pour \u00e9viter un d\u00e9classement \u00e0 la fin de la saison.<\/span><\/span><\/span><\/p>\n<p lang=\"fr-FR\" align=\"justify\"><span style=\"font-family: Helvetica Neue, serif;\"><span style=\"font-size: small;\"><span lang=\"fr-FR\"><span style=\"font-size: medium;\"><b>Une deuxi\u00e8me victoire pour repartir sur des bases plus saines ?<\/b><\/span><\/span><\/span><\/span><\/p>\n<p lang=\"fr-FR\" align=\"justify\"><span style=\"font-family: Helvetica Neue, serif;\"><span style=\"font-size: small;\"><span lang=\"fr-FR\">La victoire du 11 novembre, bien que salvatrice, n&#8217;efface pas les difficult\u00e9s rencontr\u00e9es par le club ces derniers temps. Avant qu\u2019ils ne s\u2019imposent contre les Savoyards, les Girondins n&#8217;avaient pas go\u00fbt\u00e9 \u00e0 la victoire depuis le 16 septembre \u00e0 Valenciennes ; leur derni<\/span><span lang=\"it-IT\">\u00e8<\/span><span lang=\"fr-FR\">re victoire \u00e0 domicile remontait m\u00eame au 28 ao\u00fbt contre Amiens ! Mais la formation num\u00e9ro une du club bordelais n\u2019est pas la seule \u00e0 conna\u00eetre des d\u00e9boires.<\/span><\/span><\/span><\/p>\n<p lang=\"fr-FR\" align=\"justify\"><span style=\"font-family: Helvetica Neue, serif;\"><span style=\"font-size: small;\"><span lang=\"fr-FR\">En effet, c\u2019est le club dans son ensemble qui traverse une\u00a0<\/span><span style=\"color: #0433ff;\"><span lang=\"fr-FR\"><u><a href=\"https:\/\/www.webgirondins.com\/actualite-girondins-les-3-equipes-fanions-des-girondins-de-bordeaux-relegables-122671\">p\u00e9riode noire<\/a><\/u><\/span><\/span><span lang=\"fr-FR\">\u00a0: les trois \u00e9quipes qu\u2019il a engag\u00e9es en Ligue 2, D1 Arkema et National 3 \u00e9taient r\u00e9cemment toutes en position de rel\u00e9gation. Les classements actuels du FCGB sont donc un rappel brutal de la r\u00e9alit\u00e9 du moment.<\/span><\/span><\/span><\/p>\n<p lang=\"fr-FR\" align=\"justify\"><span style=\"font-family: Helvetica Neue, serif;\"><span style=\"font-size: small;\"><span lang=\"fr-FR\">Quoi qu\u2019il en soit, en Ligue 2, les prochains matches des Girondins seront cruciaux pour d\u00e9<\/span><span lang=\"fr-FR\"><span lang=\"de-DE\">terminer\u00a0<\/span><\/span><span lang=\"fr-FR\">si le sursaut n\u2019est qu\u2019\u00e9ph\u00e9m\u00e8re, ou si la machine est bel et bien relanc\u00e9e !<\/span><\/span><\/span><\/p>\n","protected":false},"excerpt":{"rendered":"<p>Le samedi 11 novembre dernier, le Stade Matmut-Atlantique \u00e9tait loin d\u2019afficher complet. Il faut dire que ce jour-l\u00e0, les supporters des Girondins de Bordeaux avaient d\u00e9cid\u00e9 de faire gr\u00e8ve, laissant l\u2019enceinte presque silencieuse. Mais les joueurs, eux, ont fait du bruit sur le terrain. Face \u00e0 Annecy, Bordeaux a en effet d\u00e9croch\u00e9 une victoire cruciale [&hellip;]<\/p>\n","protected":false},"author":1,"featured_media":2433,"comment_status":"closed","ping_status":"closed","sticky":false,"template":"","format":"standard","meta":[],"categories":[1],"tags":[],"yoast_head":"<!-- This site is optimized with the Yoast SEO plugin v18.1 - https:\/\/yoast.com\/wordpress\/plugins\/seo\/ -->\n<title>Les Girondins de Bordeaux risquent-ils vraiment de descendre en National ? - Bordeaux Gazette Annuaire<\/title>\n<meta name=\"robots\" content=\"index, follow, max-snippet:-1, max-image-preview:large, max-video-preview:-1\" \/>\n<link rel=\"canonical\" href=\"https:\/\/www.bordeaux-gazette.com\/annuaire\/les-girondins-de-bordeaux-risquent-ils-vraiment-de-descendre-en-national\/\" \/>\n<meta property=\"og:locale\" content=\"fr_FR\" \/>\n<meta property=\"og:type\" content=\"article\" \/>\n<meta property=\"og:title\" content=\"Les Girondins de Bordeaux risquent-ils vraiment de descendre en National ? - Bordeaux Gazette Annuaire\" \/>\n<meta property=\"og:description\" content=\"Le samedi 11 novembre dernier, le Stade Matmut-Atlantique \u00e9tait loin d\u2019afficher complet. Il faut dire que ce jour-l\u00e0, les supporters des Girondins de Bordeaux avaient d\u00e9cid\u00e9 de faire gr\u00e8ve, laissant l\u2019enceinte presque silencieuse. Mais les joueurs, eux, ont fait du bruit sur le terrain. Face \u00e0 Annecy, Bordeaux a en effet d\u00e9croch\u00e9 une victoire cruciale [&hellip;]\" \/>\n<meta property=\"og:url\" content=\"https:\/\/www.bordeaux-gazette.com\/annuaire\/les-girondins-de-bordeaux-risquent-ils-vraiment-de-descendre-en-national\/\" \/>\n<meta property=\"og:site_name\" content=\"Bordeaux Gazette Annuaire\" \/>\n<meta property=\"article:publisher\" content=\"https:\/\/www.facebook.com\/BGannuaire\/\" \/>\n<meta property=\"article:author\" content=\"https:\/\/www.facebook.com\/BGannuaire\/\" \/>\n<meta property=\"article:published_time\" content=\"2023-11-27T14:15:36+00:00\" \/>\n<meta property=\"article:modified_time\" content=\"2023-11-27T14:16:43+00:00\" \/>\n<meta property=\"og:image\" content=\"https:\/\/www.bordeaux-gazette.com\/annuaire\/wp-content\/uploads\/2023\/11\/emilio-garcia-AWdCgDDedH0-unsplash-scaled.jpg\" \/>\n\t<meta property=\"og:image:width\" content=\"2560\" \/>\n\t<meta property=\"og:image:height\" content=\"1496\" \/>\n\t<meta property=\"og:image:type\" content=\"image\/jpeg\" \/>\n<meta name=\"twitter:card\" content=\"summary_large_image\" \/>\n<meta name=\"twitter:label1\" content=\"\u00c9crit par\" \/>\n\t<meta name=\"twitter:data1\" content=\"Admin\" \/>\n\t<meta name=\"twitter:label2\" content=\"Dur\u00e9e de lecture estim\u00e9e\" \/>\n\t<meta name=\"twitter:data2\" content=\"3 minutes\" \/>\n<script type=\"application\/ld+json\" class=\"yoast-schema-graph\">{\"@context\":\"https:\/\/schema.org\",\"@graph\":[{\"@type\":\"Organization\",\"@id\":\"https:\/\/www.bordeaux-gazette.com\/annuaire\/#organization\",\"name\":\"Bordeaux Gazette Annuaire\",\"url\":\"https:\/\/www.bordeaux-gazette.com\/annuaire\/\",\"sameAs\":[\"https:\/\/www.facebook.com\/BGannuaire\/\"],\"logo\":{\"@type\":\"ImageObject\",\"@id\":\"https:\/\/www.bordeaux-gazette.com\/annuaire\/#logo\",\"inLanguage\":\"fr-FR\",\"url\":\"https:\/\/www.bordeaux-gazette.com\/annuaire\/wp-content\/uploads\/2017\/04\/bgannu_logo3.jpg\",\"contentUrl\":\"https:\/\/www.bordeaux-gazette.com\/annuaire\/wp-content\/uploads\/2017\/04\/bgannu_logo3.jpg\",\"width\":118,\"height\":105,\"caption\":\"Bordeaux Gazette Annuaire\"},\"image\":{\"@id\":\"https:\/\/www.bordeaux-gazette.com\/annuaire\/#logo\"}},{\"@type\":\"WebSite\",\"@id\":\"https:\/\/www.bordeaux-gazette.com\/annuaire\/#website\",\"url\":\"https:\/\/www.bordeaux-gazette.com\/annuaire\/\",\"name\":\"Bordeaux Gazette Annuaire\",\"description\":\"Les commerces et services pr\u00e8s de chez vous\",\"publisher\":{\"@id\":\"https:\/\/www.bordeaux-gazette.com\/annuaire\/#organization\"},\"potentialAction\":[{\"@type\":\"SearchAction\",\"target\":{\"@type\":\"EntryPoint\",\"urlTemplate\":\"https:\/\/www.bordeaux-gazette.com\/annuaire\/?s={search_term_string}\"},\"query-input\":\"required name=search_term_string\"}],\"inLanguage\":\"fr-FR\"},{\"@type\":\"ImageObject\",\"@id\":\"https:\/\/www.bordeaux-gazette.com\/annuaire\/les-girondins-de-bordeaux-risquent-ils-vraiment-de-descendre-en-national\/#primaryimage\",\"inLanguage\":\"fr-FR\",\"url\":\"https:\/\/www.bordeaux-gazette.com\/annuaire\/wp-content\/uploads\/2023\/11\/emilio-garcia-AWdCgDDedH0-unsplash-scaled.jpg\",\"contentUrl\":\"https:\/\/www.bordeaux-gazette.com\/annuaire\/wp-content\/uploads\/2023\/11\/emilio-garcia-AWdCgDDedH0-unsplash-scaled.jpg\",\"width\":2560,\"height\":1496},{\"@type\":\"WebPage\",\"@id\":\"https:\/\/www.bordeaux-gazette.com\/annuaire\/les-girondins-de-bordeaux-risquent-ils-vraiment-de-descendre-en-national\/#webpage\",\"url\":\"https:\/\/www.bordeaux-gazette.com\/annuaire\/les-girondins-de-bordeaux-risquent-ils-vraiment-de-descendre-en-national\/\",\"name\":\"Les Girondins de Bordeaux risquent-ils vraiment de descendre en National ? - Bordeaux Gazette Annuaire\",\"isPartOf\":{\"@id\":\"https:\/\/www.bordeaux-gazette.com\/annuaire\/#website\"},\"primaryImageOfPage\":{\"@id\":\"https:\/\/www.bordeaux-gazette.com\/annuaire\/les-girondins-de-bordeaux-risquent-ils-vraiment-de-descendre-en-national\/#primaryimage\"},\"datePublished\":\"2023-11-27T14:15:36+00:00\",\"dateModified\":\"2023-11-27T14:16:43+00:00\",\"breadcrumb\":{\"@id\":\"https:\/\/www.bordeaux-gazette.com\/annuaire\/les-girondins-de-bordeaux-risquent-ils-vraiment-de-descendre-en-national\/#breadcrumb\"},\"inLanguage\":\"fr-FR\",\"potentialAction\":[{\"@type\":\"ReadAction\",\"target\":[\"https:\/\/www.bordeaux-gazette.com\/annuaire\/les-girondins-de-bordeaux-risquent-ils-vraiment-de-descendre-en-national\/\"]}]},{\"@type\":\"BreadcrumbList\",\"@id\":\"https:\/\/www.bordeaux-gazette.com\/annuaire\/les-girondins-de-bordeaux-risquent-ils-vraiment-de-descendre-en-national\/#breadcrumb\",\"itemListElement\":[{\"@type\":\"ListItem\",\"position\":1,\"name\":\"Accueil\",\"item\":\"https:\/\/www.bordeaux-gazette.com\/annuaire\/\"},{\"@type\":\"ListItem\",\"position\":2,\"name\":\"Les Girondins de Bordeaux risquent-ils vraiment de descendre en National ?\"}]},{\"@type\":\"Article\",\"@id\":\"https:\/\/www.bordeaux-gazette.com\/annuaire\/les-girondins-de-bordeaux-risquent-ils-vraiment-de-descendre-en-national\/#article\",\"isPartOf\":{\"@id\":\"https:\/\/www.bordeaux-gazette.com\/annuaire\/les-girondins-de-bordeaux-risquent-ils-vraiment-de-descendre-en-national\/#webpage\"},\"author\":{\"@id\":\"https:\/\/www.bordeaux-gazette.com\/annuaire\/#\/schema\/person\/7335e3c9b4a52ba98dc9037073e42b56\"},\"headline\":\"Les Girondins de Bordeaux risquent-ils vraiment de descendre en National ?\",\"datePublished\":\"2023-11-27T14:15:36+00:00\",\"dateModified\":\"2023-11-27T14:16:43+00:00\",\"mainEntityOfPage\":{\"@id\":\"https:\/\/www.bordeaux-gazette.com\/annuaire\/les-girondins-de-bordeaux-risquent-ils-vraiment-de-descendre-en-national\/#webpage\"},\"wordCount\":552,\"publisher\":{\"@id\":\"https:\/\/www.bordeaux-gazette.com\/annuaire\/#organization\"},\"image\":{\"@id\":\"https:\/\/www.bordeaux-gazette.com\/annuaire\/les-girondins-de-bordeaux-risquent-ils-vraiment-de-descendre-en-national\/#primaryimage\"},\"thumbnailUrl\":\"https:\/\/www.bordeaux-gazette.com\/annuaire\/wp-content\/uploads\/2023\/11\/emilio-garcia-AWdCgDDedH0-unsplash-scaled.jpg\",\"articleSection\":[\"Le Blog\"],\"inLanguage\":\"fr-FR\"},{\"@type\":\"Person\",\"@id\":\"https:\/\/www.bordeaux-gazette.com\/annuaire\/#\/schema\/person\/7335e3c9b4a52ba98dc9037073e42b56\",\"name\":\"Admin\",\"image\":{\"@type\":\"ImageObject\",\"@id\":\"https:\/\/www.bordeaux-gazette.com\/annuaire\/#personlogo\",\"inLanguage\":\"fr-FR\",\"url\":\"https:\/\/www.bordeaux-gazette.com\/annuaire\/wp-content\/uploads\/2020\/08\/user-1-150x150.jpg\",\"contentUrl\":\"https:\/\/www.bordeaux-gazette.com\/annuaire\/wp-content\/uploads\/2020\/08\/user-1-150x150.jpg\",\"caption\":\"Admin\"},\"sameAs\":[\"https:\/\/www.facebook.com\/BGannuaire\/\"]}]}<\/script>\n<!-- \/ Yoast SEO plugin. -->","yoast_head_json":{"title":"Les Girondins de Bordeaux risquent-ils vraiment de descendre en National ? - Bordeaux Gazette Annuaire","robots":{"index":"index","follow":"follow","max-snippet":"max-snippet:-1","max-image-preview":"max-image-preview:large","max-video-preview":"max-video-preview:-1"},"canonical":"https:\/\/www.bordeaux-gazette.com\/annuaire\/les-girondins-de-bordeaux-risquent-ils-vraiment-de-descendre-en-national\/","og_locale":"fr_FR","og_type":"article","og_title":"Les Girondins de Bordeaux risquent-ils vraiment de descendre en National ? - Bordeaux Gazette Annuaire","og_description":"Le samedi 11 novembre dernier, le Stade Matmut-Atlantique \u00e9tait loin d\u2019afficher complet. Il faut dire que ce jour-l\u00e0, les supporters des Girondins de Bordeaux avaient d\u00e9cid\u00e9 de faire gr\u00e8ve, laissant l\u2019enceinte presque silencieuse. Mais les joueurs, eux, ont fait du bruit sur le terrain. Face \u00e0 Annecy, Bordeaux a en effet d\u00e9croch\u00e9 une victoire cruciale [&hellip;]","og_url":"https:\/\/www.bordeaux-gazette.com\/annuaire\/les-girondins-de-bordeaux-risquent-ils-vraiment-de-descendre-en-national\/","og_site_name":"Bordeaux Gazette Annuaire","article_publisher":"https:\/\/www.facebook.com\/BGannuaire\/","article_author":"https:\/\/www.facebook.com\/BGannuaire\/","article_published_time":"2023-11-27T14:15:36+00:00","article_modified_time":"2023-11-27T14:16:43+00:00","og_image":[{"width":2560,"height":1496,"url":"https:\/\/www.bordeaux-gazette.com\/annuaire\/wp-content\/uploads\/2023\/11\/emilio-garcia-AWdCgDDedH0-unsplash-scaled.jpg","type":"image\/jpeg"}],"twitter_card":"summary_large_image","twitter_misc":{"\u00c9crit par":"Admin","Dur\u00e9e de lecture estim\u00e9e":"3 minutes"},"schema":{"@context":"https:\/\/schema.org","@graph":[{"@type":"Organization","@id":"https:\/\/www.bordeaux-gazette.com\/annuaire\/#organization","name":"Bordeaux Gazette Annuaire","url":"https:\/\/www.bordeaux-gazette.com\/annuaire\/","sameAs":["https:\/\/www.facebook.com\/BGannuaire\/"],"logo":{"@type":"ImageObject","@id":"https:\/\/www.bordeaux-gazette.com\/annuaire\/#logo","inLanguage":"fr-FR","url":"https:\/\/www.bordeaux-gazette.com\/annuaire\/wp-content\/uploads\/2017\/04\/bgannu_logo3.jpg","contentUrl":"https:\/\/www.bordeaux-gazette.com\/annuaire\/wp-content\/uploads\/2017\/04\/bgannu_logo3.jpg","width":118,"height":105,"caption":"Bordeaux Gazette Annuaire"},"image":{"@id":"https:\/\/www.bordeaux-gazette.com\/annuaire\/#logo"}},{"@type":"WebSite","@id":"https:\/\/www.bordeaux-gazette.com\/annuaire\/#website","url":"https:\/\/www.bordeaux-gazette.com\/annuaire\/","name":"Bordeaux Gazette Annuaire","description":"Les commerces et services pr\u00e8s de chez vous","publisher":{"@id":"https:\/\/www.bordeaux-gazette.com\/annuaire\/#organization"},"potentialAction":[{"@type":"SearchAction","target":{"@type":"EntryPoint","urlTemplate":"https:\/\/www.bordeaux-gazette.com\/annuaire\/?s={search_term_string}"},"query-input":"required name=search_term_string"}],"inLanguage":"fr-FR"},{"@type":"ImageObject","@id":"https:\/\/www.bordeaux-gazette.com\/annuaire\/les-girondins-de-bordeaux-risquent-ils-vraiment-de-descendre-en-national\/#primaryimage","inLanguage":"fr-FR","url":"https:\/\/www.bordeaux-gazette.com\/annuaire\/wp-content\/uploads\/2023\/11\/emilio-garcia-AWdCgDDedH0-unsplash-scaled.jpg","contentUrl":"https:\/\/www.bordeaux-gazette.com\/annuaire\/wp-content\/uploads\/2023\/11\/emilio-garcia-AWdCgDDedH0-unsplash-scaled.jpg","width":2560,"height":1496},{"@type":"WebPage","@id":"https:\/\/www.bordeaux-gazette.com\/annuaire\/les-girondins-de-bordeaux-risquent-ils-vraiment-de-descendre-en-national\/#webpage","url":"https:\/\/www.bordeaux-gazette.com\/annuaire\/les-girondins-de-bordeaux-risquent-ils-vraiment-de-descendre-en-national\/","name":"Les Girondins de Bordeaux risquent-ils vraiment de descendre en National ? - Bordeaux Gazette Annuaire","isPartOf":{"@id":"https:\/\/www.bordeaux-gazette.com\/annuaire\/#website"},"primaryImageOfPage":{"@id":"https:\/\/www.bordeaux-gazette.com\/annuaire\/les-girondins-de-bordeaux-risquent-ils-vraiment-de-descendre-en-national\/#primaryimage"},"datePublished":"2023-11-27T14:15:36+00:00","dateModified":"2023-11-27T14:16:43+00:00","breadcrumb":{"@id":"https:\/\/www.bordeaux-gazette.com\/annuaire\/les-girondins-de-bordeaux-risquent-ils-vraiment-de-descendre-en-national\/#breadcrumb"},"inLanguage":"fr-FR","potentialAction":[{"@type":"ReadAction","target":["https:\/\/www.bordeaux-gazette.com\/annuaire\/les-girondins-de-bordeaux-risquent-ils-vraiment-de-descendre-en-national\/"]}]},{"@type":"BreadcrumbList","@id":"https:\/\/www.bordeaux-gazette.com\/annuaire\/les-girondins-de-bordeaux-risquent-ils-vraiment-de-descendre-en-national\/#breadcrumb","itemListElement":[{"@type":"ListItem","position":1,"name":"Accueil","item":"https:\/\/www.bordeaux-gazette.com\/annuaire\/"},{"@type":"ListItem","position":2,"name":"Les Girondins de Bordeaux risquent-ils vraiment de descendre en National ?"}]},{"@type":"Article","@id":"https:\/\/www.bordeaux-gazette.com\/annuaire\/les-girondins-de-bordeaux-risquent-ils-vraiment-de-descendre-en-national\/#article","isPartOf":{"@id":"https:\/\/www.bordeaux-gazette.com\/annuaire\/les-girondins-de-bordeaux-risquent-ils-vraiment-de-descendre-en-national\/#webpage"},"author":{"@id":"https:\/\/www.bordeaux-gazette.com\/annuaire\/#\/schema\/person\/7335e3c9b4a52ba98dc9037073e42b56"},"headline":"Les Girondins de Bordeaux risquent-ils vraiment de descendre en National ?","datePublished":"2023-11-27T14:15:36+00:00","dateModified":"2023-11-27T14:16:43+00:00","mainEntityOfPage":{"@id":"https:\/\/www.bordeaux-gazette.com\/annuaire\/les-girondins-de-bordeaux-risquent-ils-vraiment-de-descendre-en-national\/#webpage"},"wordCount":552,"publisher":{"@id":"https:\/\/www.bordeaux-gazette.com\/annuaire\/#organization"},"image":{"@id":"https:\/\/www.bordeaux-gazette.com\/annuaire\/les-girondins-de-bordeaux-risquent-ils-vraiment-de-descendre-en-national\/#primaryimage"},"thumbnailUrl":"https:\/\/www.bordeaux-gazette.com\/annuaire\/wp-content\/uploads\/2023\/11\/emilio-garcia-AWdCgDDedH0-unsplash-scaled.jpg","articleSection":["Le Blog"],"inLanguage":"fr-FR"},{"@type":"Person","@id":"https:\/\/www.bordeaux-gazette.com\/annuaire\/#\/schema\/person\/7335e3c9b4a52ba98dc9037073e42b56","name":"Admin","image":{"@type":"ImageObject","@id":"https:\/\/www.bordeaux-gazette.com\/annuaire\/#personlogo","inLanguage":"fr-FR","url":"https:\/\/www.bordeaux-gazette.com\/annuaire\/wp-content\/uploads\/2020\/08\/user-1-150x150.jpg","contentUrl":"https:\/\/www.bordeaux-gazette.com\/annuaire\/wp-content\/uploads\/2020\/08\/user-1-150x150.jpg","caption":"Admin"},"sameAs":["https:\/\/www.facebook.com\/BGannuaire\/"]}]}},"_links":{"self":[{"href":"https:\/\/www.bordeaux-gazette.com\/annuaire\/wp-json\/wp\/v2\/posts\/2432"}],"collection":[{"href":"https:\/\/www.bordeaux-gazette.com\/annuaire\/wp-json\/wp\/v2\/posts"}],"about":[{"href":"https:\/\/www.bordeaux-gazette.com\/annuaire\/wp-json\/wp\/v2\/types\/post"}],"author":[{"embeddable":true,"href":"https:\/\/www.bordeaux-gazette.com\/annuaire\/wp-json\/wp\/v2\/users\/1"}],"replies":[{"embeddable":true,"href":"https:\/\/www.bordeaux-gazette.com\/annuaire\/wp-json\/wp\/v2\/comments?post=2432"}],"version-history":[{"count":1,"href":"https:\/\/www.bordeaux-gazette.com\/annuaire\/wp-json\/wp\/v2\/posts\/2432\/revisions"}],"predecessor-version":[{"id":2434,"href":"https:\/\/www.bordeaux-gazette.com\/annuaire\/wp-json\/wp\/v2\/posts\/2432\/revisions\/2434"}],"wp:featuredmedia":[{"embeddable":true,"href":"https:\/\/www.bordeaux-gazette.com\/annuaire\/wp-json\/wp\/v2\/media\/2433"}],"wp:attachment":[{"href":"https:\/\/www.bordeaux-gazette.com\/annuaire\/wp-json\/wp\/v2\/media?parent=2432"}],"wp:term":[{"taxonomy":"category","embeddable":true,"href":"https:\/\/www.bordeaux-gazette.com\/annuaire\/wp-json\/wp\/v2\/categories?post=2432"},{"taxonomy":"post_tag","embeddable":true,"href":"https:\/\/www.bordeaux-gazette.com\/annuaire\/wp-json\/wp\/v2\/tags?post=2432"}],"curies":[{"name":"wp","href":"https:\/\/api.w.org\/{rel}","templated":true}]}}