{"id":2397,"date":"2023-08-02T19:08:17","date_gmt":"2023-08-02T17:08:17","guid":{"rendered":"https:\/\/www.bordeaux-gazette.com\/annuaire\/?p=2397"},"modified":"2023-08-02T19:09:24","modified_gmt":"2023-08-02T17:09:24","slug":"levolution-des-solutions-de-garde-a-bordeaux-lexemple-des-micro-creches","status":"publish","type":"post","link":"https:\/\/www.bordeaux-gazette.com\/annuaire\/levolution-des-solutions-de-garde-a-bordeaux-lexemple-des-micro-creches\/","title":{"rendered":"L&#8217;\u00e9volution des solutions de garde \u00e0 Bordeaux : l&#8217;exemple des micro-cr\u00e8ches"},"content":{"rendered":"<p>L&#8217;enfance repr\u00e9sente une p\u00e9riode d\u00e9licate de la vie humaine, o\u00f9 les besoins en mati\u00e8re d&#8217;\u00e9ducation et de soins sont \u00e0 leur apog\u00e9e. Dans la r\u00e9gion de Bordeaux, un ph\u00e9nom\u00e8ne r\u00e9cent s&#8217;inscrit dans l&#8217;effort constant pour offrir le meilleur aux plus jeunes: l&#8217;essor des micro-cr\u00e8ches. Diff\u00e9rentes des cr\u00e8ches traditionnelles, ces structures plus petites et plus intimes jouent un r\u00f4le croissant dans l&#8217;\u00e9ducation des tout-petits.<\/p>\n<h2>Micro-Cr\u00e8che \u00e0 Bordeaux : une solution ad\u00e9quate \u00e0 un besoin sp\u00e9cifique<\/h2>\n<div id=\"attachment_2399\" style=\"width: 858px\" class=\"wp-caption alignnone\"><img aria-describedby=\"caption-attachment-2399\" decoding=\"async\" loading=\"lazy\" class=\"size-full wp-image-2399\" src=\"https:\/\/www.bordeaux-gazette.com\/annuaire\/wp-content\/uploads\/2023\/08\/358dd7c8d4451f5125f24faa02971e9b.jpeg\" alt=\"\" width=\"848\" height=\"565\" srcset=\"https:\/\/www.bordeaux-gazette.com\/annuaire\/wp-content\/uploads\/2023\/08\/358dd7c8d4451f5125f24faa02971e9b.jpeg 848w, https:\/\/www.bordeaux-gazette.com\/annuaire\/wp-content\/uploads\/2023\/08\/358dd7c8d4451f5125f24faa02971e9b-300x200.jpeg 300w, https:\/\/www.bordeaux-gazette.com\/annuaire\/wp-content\/uploads\/2023\/08\/358dd7c8d4451f5125f24faa02971e9b-768x512.jpeg 768w, https:\/\/www.bordeaux-gazette.com\/annuaire\/wp-content\/uploads\/2023\/08\/358dd7c8d4451f5125f24faa02971e9b-287x190.jpeg 287w\" sizes=\"(max-width: 848px) 100vw, 848px\" \/><p id=\"caption-attachment-2399\" class=\"wp-caption-text\">baby with teether in mouth under bathing towel at nursery<\/p><\/div>\n<p>\u00c0 Bordeaux, l&#8217;\u00e9mergence de micro\u00a0<a href=\"https:\/\/www.leaetleo.com\/\">cr\u00e8che<\/a>\u00a0t\u00e9moigne d&#8217;un mouvement vers une prise en charge plus individualis\u00e9e de la petite enfance. Contrairement aux cr\u00e8ches traditionnelles, ces \u00e9tablissements plus r\u00e9duits favorisent une atmosph\u00e8re intime et chaleureuse, ressemblant davantage \u00e0 un cadre familial. Ce climat de confiance et de bienveillance permet aux enfants de s&#8217;\u00e9panouir et de grandir sereinement.<\/p>\n<p>La r\u00e9duction du nombre d&#8217;enfants accueillis dans ces structures est \u00e9galement d\u00e9terminante dans ce succ\u00e8s. En effet, elle garantit que chaque enfant b\u00e9n\u00e9ficie d&#8217;une attention particuli\u00e8re et adapt\u00e9e \u00e0 ses besoins. La proximit\u00e9 entre les professionnels et les tout-petits facilite une meilleure compr\u00e9hension des besoins individuels, et ainsi une r\u00e9ponse plus pr\u00e9cise \u00e0 ces derniers.<\/p>\n<p>De nombreux parents ont manifest\u00e9 leur enthousiasme face \u00e0 cette forme de garde, reconnaissant dans les micro-cr\u00e8ches un lieu o\u00f9 leur enfant peut se d\u00e9velopper de mani\u00e8re harmonieuse et s\u00e9curis\u00e9e. Ainsi, la\u00a0<a href=\"https:\/\/www.leaetleo.com\/trouver-une-creche\">micro-cr\u00e8che \u00e0 Bordeaux<\/a>\u00a0s&#8217;impose progressivement comme une alternative attrayante et sensible aux cr\u00e8ches traditionnelles.<\/p>\n<h2>La micro-cr\u00e8che Ernestine : un mod\u00e8le de r\u00e9ussite<\/h2>\n<p>Au c\u0153ur de Bordeaux,\u00a0<a href=\"https:\/\/www.leaetleo.com\/creche\/hapili-ernestine-bordeaux\">la micro-cr\u00e8che Ernestine<\/a>\u00a0illustre un mod\u00e8le de r\u00e9ussite dans le domaine de la garde d&#8217;enfants. Cette institution, bien que r\u00e9cente, a su gagner la confiance de nombreuses familles en mettant l&#8217;\u00e9ducation et le bien-\u00eatre des enfants au centre de sa philosophie. Le secret de ce succ\u00e8s repose sur une approche innovante qui consid\u00e8re chaque enfant comme unique, avec son propre rythme et ses besoins sp\u00e9cifiques.<\/p>\n<p>L&#8217;\u00e9quipe, constitu\u00e9e d&#8217;\u00e9ducateurs qualifi\u00e9s, s&#8217;attache \u00e0 suivre les progr\u00e8s de chaque petit prot\u00e9g\u00e9 avec une attention particuli\u00e8re. Cette attention minutieuse se traduit par une r\u00e9ponse flexible et de qualit\u00e9 aux exigences des parents. La micro-cr\u00e8che Ernestine n&#8217;est donc pas simplement un lieu de garde, mais un espace d\u00e9di\u00e9 \u00e0 l&#8217;\u00e9panouissement de la personnalit\u00e9 de l&#8217;enfant, un lieu o\u00f9 les parents peuvent confier leurs enfants avec l&#8217;assurance que leurs besoins individuels seront pris en compte.<\/p>\n<p>Elle s&#8217;affirme comme une r\u00e9f\u00e9rence dans la r\u00e9gion, d\u00e9montrant que l&#8217;innovation et l&#8217;attention individualis\u00e9e peuvent se traduire par un service de haute qualit\u00e9.<\/p>\n<h2>La Micro-Cr\u00e8che &#8220;Comme 3 Pommes&#8221; : une philosophie particuli\u00e8re<\/h2>\n<p><img decoding=\"async\" loading=\"lazy\" class=\"alignnone size-large wp-image-2398\" src=\"https:\/\/www.bordeaux-gazette.com\/annuaire\/wp-content\/uploads\/2023\/08\/7e964ce7e507012e995ad593d9dfa7a7-1024x682.jpeg\" alt=\"\" width=\"900\" height=\"599\" srcset=\"https:\/\/www.bordeaux-gazette.com\/annuaire\/wp-content\/uploads\/2023\/08\/7e964ce7e507012e995ad593d9dfa7a7-1024x682.jpeg 1024w, https:\/\/www.bordeaux-gazette.com\/annuaire\/wp-content\/uploads\/2023\/08\/7e964ce7e507012e995ad593d9dfa7a7-300x200.jpeg 300w, https:\/\/www.bordeaux-gazette.com\/annuaire\/wp-content\/uploads\/2023\/08\/7e964ce7e507012e995ad593d9dfa7a7-768x512.jpeg 768w, https:\/\/www.bordeaux-gazette.com\/annuaire\/wp-content\/uploads\/2023\/08\/7e964ce7e507012e995ad593d9dfa7a7-287x190.jpeg 287w, https:\/\/www.bordeaux-gazette.com\/annuaire\/wp-content\/uploads\/2023\/08\/7e964ce7e507012e995ad593d9dfa7a7.jpeg 1280w\" sizes=\"(max-width: 900px) 100vw, 900px\" \/><\/p>\n<p>Un autre \u00e9tablissement qui m\u00e9rite une mention sp\u00e9ciale est\u00a0<a href=\"https:\/\/www.leaetleo.com\/creche\/hapili-comme-3-pommes-bordeaux\">la micro-cr\u00e8che &#8220;Comme 3 Pommes&#8221;<\/a>. Cette structure, \u00e9galement situ\u00e9e \u00e0 Bordeaux, se distingue par son approche p\u00e9dagogique unique.<\/p>\n<p>L&#8217;objectif de &#8220;Comme 3 Pommes&#8221; est de favoriser l&#8217;\u00e9veil et la curiosit\u00e9 des enfants, en stimulant leur cr\u00e9ativit\u00e9 et leur autonomie. L&#8217;accent est mis sur l&#8217;apprentissage par le jeu et l&#8217;exploration, permettant aux enfants de d\u00e9velopper leurs comp\u00e9tences tout en s&#8217;amusant.<\/p>\n<p>L&#8217;engagement envers la qualit\u00e9 et l&#8217;innovation p\u00e9dagogique de la micro-cr\u00e8che &#8220;Comme 3 Pommes&#8221; fait d&#8217;elle une r\u00e9f\u00e9rence dans le domaine. Elle symbolise le dynamisme et la cr\u00e9ativit\u00e9 qui caract\u00e9risent l&#8217;\u00e9volution des structures d&#8217;accueil pour la petite enfance \u00e0 Bordeaux.<\/p>\n","protected":false},"excerpt":{"rendered":"<p>L&#8217;enfance repr\u00e9sente une p\u00e9riode d\u00e9licate de la vie humaine, o\u00f9 les besoins en mati\u00e8re d&#8217;\u00e9ducation et de soins sont \u00e0 leur apog\u00e9e. Dans la r\u00e9gion de Bordeaux, un ph\u00e9nom\u00e8ne r\u00e9cent s&#8217;inscrit dans l&#8217;effort constant pour offrir le meilleur aux plus jeunes: l&#8217;essor des micro-cr\u00e8ches. Diff\u00e9rentes des cr\u00e8ches traditionnelles, ces structures plus petites et plus intimes [&hellip;]<\/p>\n","protected":false},"author":1,"featured_media":2400,"comment_status":"closed","ping_status":"closed","sticky":false,"template":"","format":"standard","meta":[],"categories":[1],"tags":[],"yoast_head":"<!-- This site is optimized with the Yoast SEO plugin v18.1 - https:\/\/yoast.com\/wordpress\/plugins\/seo\/ -->\n<title>L&#039;\u00e9volution des solutions de garde \u00e0 Bordeaux : l&#039;exemple des micro-cr\u00e8ches - Bordeaux Gazette Annuaire<\/title>\n<meta name=\"robots\" content=\"index, follow, max-snippet:-1, max-image-preview:large, max-video-preview:-1\" \/>\n<link rel=\"canonical\" href=\"https:\/\/www.bordeaux-gazette.com\/annuaire\/levolution-des-solutions-de-garde-a-bordeaux-lexemple-des-micro-creches\/\" \/>\n<meta property=\"og:locale\" content=\"fr_FR\" \/>\n<meta property=\"og:type\" content=\"article\" \/>\n<meta property=\"og:title\" content=\"L&#039;\u00e9volution des solutions de garde \u00e0 Bordeaux : l&#039;exemple des micro-cr\u00e8ches - Bordeaux Gazette Annuaire\" \/>\n<meta property=\"og:description\" content=\"L&#8217;enfance repr\u00e9sente une p\u00e9riode d\u00e9licate de la vie humaine, o\u00f9 les besoins en mati\u00e8re d&#8217;\u00e9ducation et de soins sont \u00e0 leur apog\u00e9e. Dans la r\u00e9gion de Bordeaux, un ph\u00e9nom\u00e8ne r\u00e9cent s&#8217;inscrit dans l&#8217;effort constant pour offrir le meilleur aux plus jeunes: l&#8217;essor des micro-cr\u00e8ches. Diff\u00e9rentes des cr\u00e8ches traditionnelles, ces structures plus petites et plus intimes [&hellip;]\" \/>\n<meta property=\"og:url\" content=\"https:\/\/www.bordeaux-gazette.com\/annuaire\/levolution-des-solutions-de-garde-a-bordeaux-lexemple-des-micro-creches\/\" \/>\n<meta property=\"og:site_name\" content=\"Bordeaux Gazette Annuaire\" \/>\n<meta property=\"article:publisher\" content=\"https:\/\/www.facebook.com\/BGannuaire\/\" \/>\n<meta property=\"article:author\" content=\"https:\/\/www.facebook.com\/BGannuaire\/\" \/>\n<meta property=\"article:published_time\" content=\"2023-08-02T17:08:17+00:00\" \/>\n<meta property=\"article:modified_time\" content=\"2023-08-02T17:09:24+00:00\" \/>\n<meta property=\"og:image\" content=\"https:\/\/www.bordeaux-gazette.com\/annuaire\/wp-content\/uploads\/2023\/08\/ac04c6dba39e5d2a8a6b9cea916e7880.jpeg\" \/>\n\t<meta property=\"og:image:width\" content=\"848\" \/>\n\t<meta property=\"og:image:height\" content=\"565\" \/>\n\t<meta property=\"og:image:type\" content=\"image\/jpeg\" \/>\n<meta name=\"twitter:card\" content=\"summary_large_image\" \/>\n<meta name=\"twitter:label1\" content=\"\u00c9crit par\" \/>\n\t<meta name=\"twitter:data1\" content=\"Admin\" \/>\n\t<meta name=\"twitter:label2\" content=\"Dur\u00e9e de lecture estim\u00e9e\" \/>\n\t<meta name=\"twitter:data2\" content=\"3 minutes\" \/>\n<script type=\"application\/ld+json\" class=\"yoast-schema-graph\">{\"@context\":\"https:\/\/schema.org\",\"@graph\":[{\"@type\":\"Organization\",\"@id\":\"https:\/\/www.bordeaux-gazette.com\/annuaire\/#organization\",\"name\":\"Bordeaux Gazette Annuaire\",\"url\":\"https:\/\/www.bordeaux-gazette.com\/annuaire\/\",\"sameAs\":[\"https:\/\/www.facebook.com\/BGannuaire\/\"],\"logo\":{\"@type\":\"ImageObject\",\"@id\":\"https:\/\/www.bordeaux-gazette.com\/annuaire\/#logo\",\"inLanguage\":\"fr-FR\",\"url\":\"https:\/\/www.bordeaux-gazette.com\/annuaire\/wp-content\/uploads\/2017\/04\/bgannu_logo3.jpg\",\"contentUrl\":\"https:\/\/www.bordeaux-gazette.com\/annuaire\/wp-content\/uploads\/2017\/04\/bgannu_logo3.jpg\",\"width\":118,\"height\":105,\"caption\":\"Bordeaux Gazette Annuaire\"},\"image\":{\"@id\":\"https:\/\/www.bordeaux-gazette.com\/annuaire\/#logo\"}},{\"@type\":\"WebSite\",\"@id\":\"https:\/\/www.bordeaux-gazette.com\/annuaire\/#website\",\"url\":\"https:\/\/www.bordeaux-gazette.com\/annuaire\/\",\"name\":\"Bordeaux Gazette Annuaire\",\"description\":\"Les commerces et services pr\u00e8s de chez vous\",\"publisher\":{\"@id\":\"https:\/\/www.bordeaux-gazette.com\/annuaire\/#organization\"},\"potentialAction\":[{\"@type\":\"SearchAction\",\"target\":{\"@type\":\"EntryPoint\",\"urlTemplate\":\"https:\/\/www.bordeaux-gazette.com\/annuaire\/?s={search_term_string}\"},\"query-input\":\"required name=search_term_string\"}],\"inLanguage\":\"fr-FR\"},{\"@type\":\"ImageObject\",\"@id\":\"https:\/\/www.bordeaux-gazette.com\/annuaire\/levolution-des-solutions-de-garde-a-bordeaux-lexemple-des-micro-creches\/#primaryimage\",\"inLanguage\":\"fr-FR\",\"url\":\"https:\/\/www.bordeaux-gazette.com\/annuaire\/wp-content\/uploads\/2023\/08\/ac04c6dba39e5d2a8a6b9cea916e7880.jpeg\",\"contentUrl\":\"https:\/\/www.bordeaux-gazette.com\/annuaire\/wp-content\/uploads\/2023\/08\/ac04c6dba39e5d2a8a6b9cea916e7880.jpeg\",\"width\":848,\"height\":565,\"caption\":\"Smiling cute baby child in rabbit costume lying on fur in nursery\"},{\"@type\":\"WebPage\",\"@id\":\"https:\/\/www.bordeaux-gazette.com\/annuaire\/levolution-des-solutions-de-garde-a-bordeaux-lexemple-des-micro-creches\/#webpage\",\"url\":\"https:\/\/www.bordeaux-gazette.com\/annuaire\/levolution-des-solutions-de-garde-a-bordeaux-lexemple-des-micro-creches\/\",\"name\":\"L'\u00e9volution des solutions de garde \u00e0 Bordeaux : l'exemple des micro-cr\u00e8ches - Bordeaux Gazette Annuaire\",\"isPartOf\":{\"@id\":\"https:\/\/www.bordeaux-gazette.com\/annuaire\/#website\"},\"primaryImageOfPage\":{\"@id\":\"https:\/\/www.bordeaux-gazette.com\/annuaire\/levolution-des-solutions-de-garde-a-bordeaux-lexemple-des-micro-creches\/#primaryimage\"},\"datePublished\":\"2023-08-02T17:08:17+00:00\",\"dateModified\":\"2023-08-02T17:09:24+00:00\",\"breadcrumb\":{\"@id\":\"https:\/\/www.bordeaux-gazette.com\/annuaire\/levolution-des-solutions-de-garde-a-bordeaux-lexemple-des-micro-creches\/#breadcrumb\"},\"inLanguage\":\"fr-FR\",\"potentialAction\":[{\"@type\":\"ReadAction\",\"target\":[\"https:\/\/www.bordeaux-gazette.com\/annuaire\/levolution-des-solutions-de-garde-a-bordeaux-lexemple-des-micro-creches\/\"]}]},{\"@type\":\"BreadcrumbList\",\"@id\":\"https:\/\/www.bordeaux-gazette.com\/annuaire\/levolution-des-solutions-de-garde-a-bordeaux-lexemple-des-micro-creches\/#breadcrumb\",\"itemListElement\":[{\"@type\":\"ListItem\",\"position\":1,\"name\":\"Accueil\",\"item\":\"https:\/\/www.bordeaux-gazette.com\/annuaire\/\"},{\"@type\":\"ListItem\",\"position\":2,\"name\":\"L&rsquo;\u00e9volution des solutions de garde \u00e0 Bordeaux : l&rsquo;exemple des micro-cr\u00e8ches\"}]},{\"@type\":\"Article\",\"@id\":\"https:\/\/www.bordeaux-gazette.com\/annuaire\/levolution-des-solutions-de-garde-a-bordeaux-lexemple-des-micro-creches\/#article\",\"isPartOf\":{\"@id\":\"https:\/\/www.bordeaux-gazette.com\/annuaire\/levolution-des-solutions-de-garde-a-bordeaux-lexemple-des-micro-creches\/#webpage\"},\"author\":{\"@id\":\"https:\/\/www.bordeaux-gazette.com\/annuaire\/#\/schema\/person\/7335e3c9b4a52ba98dc9037073e42b56\"},\"headline\":\"L&#8217;\u00e9volution des solutions de garde \u00e0 Bordeaux : l&#8217;exemple des micro-cr\u00e8ches\",\"datePublished\":\"2023-08-02T17:08:17+00:00\",\"dateModified\":\"2023-08-02T17:09:24+00:00\",\"mainEntityOfPage\":{\"@id\":\"https:\/\/www.bordeaux-gazette.com\/annuaire\/levolution-des-solutions-de-garde-a-bordeaux-lexemple-des-micro-creches\/#webpage\"},\"wordCount\":619,\"publisher\":{\"@id\":\"https:\/\/www.bordeaux-gazette.com\/annuaire\/#organization\"},\"image\":{\"@id\":\"https:\/\/www.bordeaux-gazette.com\/annuaire\/levolution-des-solutions-de-garde-a-bordeaux-lexemple-des-micro-creches\/#primaryimage\"},\"thumbnailUrl\":\"https:\/\/www.bordeaux-gazette.com\/annuaire\/wp-content\/uploads\/2023\/08\/ac04c6dba39e5d2a8a6b9cea916e7880.jpeg\",\"articleSection\":[\"Le Blog\"],\"inLanguage\":\"fr-FR\"},{\"@type\":\"Person\",\"@id\":\"https:\/\/www.bordeaux-gazette.com\/annuaire\/#\/schema\/person\/7335e3c9b4a52ba98dc9037073e42b56\",\"name\":\"Admin\",\"image\":{\"@type\":\"ImageObject\",\"@id\":\"https:\/\/www.bordeaux-gazette.com\/annuaire\/#personlogo\",\"inLanguage\":\"fr-FR\",\"url\":\"https:\/\/www.bordeaux-gazette.com\/annuaire\/wp-content\/uploads\/2020\/08\/user-1-150x150.jpg\",\"contentUrl\":\"https:\/\/www.bordeaux-gazette.com\/annuaire\/wp-content\/uploads\/2020\/08\/user-1-150x150.jpg\",\"caption\":\"Admin\"},\"sameAs\":[\"https:\/\/www.facebook.com\/BGannuaire\/\"]}]}<\/script>\n<!-- \/ Yoast SEO plugin. -->","yoast_head_json":{"title":"L'\u00e9volution des solutions de garde \u00e0 Bordeaux : l'exemple des micro-cr\u00e8ches - Bordeaux Gazette Annuaire","robots":{"index":"index","follow":"follow","max-snippet":"max-snippet:-1","max-image-preview":"max-image-preview:large","max-video-preview":"max-video-preview:-1"},"canonical":"https:\/\/www.bordeaux-gazette.com\/annuaire\/levolution-des-solutions-de-garde-a-bordeaux-lexemple-des-micro-creches\/","og_locale":"fr_FR","og_type":"article","og_title":"L'\u00e9volution des solutions de garde \u00e0 Bordeaux : l'exemple des micro-cr\u00e8ches - Bordeaux Gazette Annuaire","og_description":"L&#8217;enfance repr\u00e9sente une p\u00e9riode d\u00e9licate de la vie humaine, o\u00f9 les besoins en mati\u00e8re d&#8217;\u00e9ducation et de soins sont \u00e0 leur apog\u00e9e. Dans la r\u00e9gion de Bordeaux, un ph\u00e9nom\u00e8ne r\u00e9cent s&#8217;inscrit dans l&#8217;effort constant pour offrir le meilleur aux plus jeunes: l&#8217;essor des micro-cr\u00e8ches. Diff\u00e9rentes des cr\u00e8ches traditionnelles, ces structures plus petites et plus intimes [&hellip;]","og_url":"https:\/\/www.bordeaux-gazette.com\/annuaire\/levolution-des-solutions-de-garde-a-bordeaux-lexemple-des-micro-creches\/","og_site_name":"Bordeaux Gazette Annuaire","article_publisher":"https:\/\/www.facebook.com\/BGannuaire\/","article_author":"https:\/\/www.facebook.com\/BGannuaire\/","article_published_time":"2023-08-02T17:08:17+00:00","article_modified_time":"2023-08-02T17:09:24+00:00","og_image":[{"width":848,"height":565,"url":"https:\/\/www.bordeaux-gazette.com\/annuaire\/wp-content\/uploads\/2023\/08\/ac04c6dba39e5d2a8a6b9cea916e7880.jpeg","type":"image\/jpeg"}],"twitter_card":"summary_large_image","twitter_misc":{"\u00c9crit par":"Admin","Dur\u00e9e de lecture estim\u00e9e":"3 minutes"},"schema":{"@context":"https:\/\/schema.org","@graph":[{"@type":"Organization","@id":"https:\/\/www.bordeaux-gazette.com\/annuaire\/#organization","name":"Bordeaux Gazette Annuaire","url":"https:\/\/www.bordeaux-gazette.com\/annuaire\/","sameAs":["https:\/\/www.facebook.com\/BGannuaire\/"],"logo":{"@type":"ImageObject","@id":"https:\/\/www.bordeaux-gazette.com\/annuaire\/#logo","inLanguage":"fr-FR","url":"https:\/\/www.bordeaux-gazette.com\/annuaire\/wp-content\/uploads\/2017\/04\/bgannu_logo3.jpg","contentUrl":"https:\/\/www.bordeaux-gazette.com\/annuaire\/wp-content\/uploads\/2017\/04\/bgannu_logo3.jpg","width":118,"height":105,"caption":"Bordeaux Gazette Annuaire"},"image":{"@id":"https:\/\/www.bordeaux-gazette.com\/annuaire\/#logo"}},{"@type":"WebSite","@id":"https:\/\/www.bordeaux-gazette.com\/annuaire\/#website","url":"https:\/\/www.bordeaux-gazette.com\/annuaire\/","name":"Bordeaux Gazette Annuaire","description":"Les commerces et services pr\u00e8s de chez vous","publisher":{"@id":"https:\/\/www.bordeaux-gazette.com\/annuaire\/#organization"},"potentialAction":[{"@type":"SearchAction","target":{"@type":"EntryPoint","urlTemplate":"https:\/\/www.bordeaux-gazette.com\/annuaire\/?s={search_term_string}"},"query-input":"required name=search_term_string"}],"inLanguage":"fr-FR"},{"@type":"ImageObject","@id":"https:\/\/www.bordeaux-gazette.com\/annuaire\/levolution-des-solutions-de-garde-a-bordeaux-lexemple-des-micro-creches\/#primaryimage","inLanguage":"fr-FR","url":"https:\/\/www.bordeaux-gazette.com\/annuaire\/wp-content\/uploads\/2023\/08\/ac04c6dba39e5d2a8a6b9cea916e7880.jpeg","contentUrl":"https:\/\/www.bordeaux-gazette.com\/annuaire\/wp-content\/uploads\/2023\/08\/ac04c6dba39e5d2a8a6b9cea916e7880.jpeg","width":848,"height":565,"caption":"Smiling cute baby child in rabbit costume lying on fur in nursery"},{"@type":"WebPage","@id":"https:\/\/www.bordeaux-gazette.com\/annuaire\/levolution-des-solutions-de-garde-a-bordeaux-lexemple-des-micro-creches\/#webpage","url":"https:\/\/www.bordeaux-gazette.com\/annuaire\/levolution-des-solutions-de-garde-a-bordeaux-lexemple-des-micro-creches\/","name":"L'\u00e9volution des solutions de garde \u00e0 Bordeaux : l'exemple des micro-cr\u00e8ches - Bordeaux Gazette Annuaire","isPartOf":{"@id":"https:\/\/www.bordeaux-gazette.com\/annuaire\/#website"},"primaryImageOfPage":{"@id":"https:\/\/www.bordeaux-gazette.com\/annuaire\/levolution-des-solutions-de-garde-a-bordeaux-lexemple-des-micro-creches\/#primaryimage"},"datePublished":"2023-08-02T17:08:17+00:00","dateModified":"2023-08-02T17:09:24+00:00","breadcrumb":{"@id":"https:\/\/www.bordeaux-gazette.com\/annuaire\/levolution-des-solutions-de-garde-a-bordeaux-lexemple-des-micro-creches\/#breadcrumb"},"inLanguage":"fr-FR","potentialAction":[{"@type":"ReadAction","target":["https:\/\/www.bordeaux-gazette.com\/annuaire\/levolution-des-solutions-de-garde-a-bordeaux-lexemple-des-micro-creches\/"]}]},{"@type":"BreadcrumbList","@id":"https:\/\/www.bordeaux-gazette.com\/annuaire\/levolution-des-solutions-de-garde-a-bordeaux-lexemple-des-micro-creches\/#breadcrumb","itemListElement":[{"@type":"ListItem","position":1,"name":"Accueil","item":"https:\/\/www.bordeaux-gazette.com\/annuaire\/"},{"@type":"ListItem","position":2,"name":"L&rsquo;\u00e9volution des solutions de garde \u00e0 Bordeaux : l&rsquo;exemple des micro-cr\u00e8ches"}]},{"@type":"Article","@id":"https:\/\/www.bordeaux-gazette.com\/annuaire\/levolution-des-solutions-de-garde-a-bordeaux-lexemple-des-micro-creches\/#article","isPartOf":{"@id":"https:\/\/www.bordeaux-gazette.com\/annuaire\/levolution-des-solutions-de-garde-a-bordeaux-lexemple-des-micro-creches\/#webpage"},"author":{"@id":"https:\/\/www.bordeaux-gazette.com\/annuaire\/#\/schema\/person\/7335e3c9b4a52ba98dc9037073e42b56"},"headline":"L&#8217;\u00e9volution des solutions de garde \u00e0 Bordeaux : l&#8217;exemple des micro-cr\u00e8ches","datePublished":"2023-08-02T17:08:17+00:00","dateModified":"2023-08-02T17:09:24+00:00","mainEntityOfPage":{"@id":"https:\/\/www.bordeaux-gazette.com\/annuaire\/levolution-des-solutions-de-garde-a-bordeaux-lexemple-des-micro-creches\/#webpage"},"wordCount":619,"publisher":{"@id":"https:\/\/www.bordeaux-gazette.com\/annuaire\/#organization"},"image":{"@id":"https:\/\/www.bordeaux-gazette.com\/annuaire\/levolution-des-solutions-de-garde-a-bordeaux-lexemple-des-micro-creches\/#primaryimage"},"thumbnailUrl":"https:\/\/www.bordeaux-gazette.com\/annuaire\/wp-content\/uploads\/2023\/08\/ac04c6dba39e5d2a8a6b9cea916e7880.jpeg","articleSection":["Le Blog"],"inLanguage":"fr-FR"},{"@type":"Person","@id":"https:\/\/www.bordeaux-gazette.com\/annuaire\/#\/schema\/person\/7335e3c9b4a52ba98dc9037073e42b56","name":"Admin","image":{"@type":"ImageObject","@id":"https:\/\/www.bordeaux-gazette.com\/annuaire\/#personlogo","inLanguage":"fr-FR","url":"https:\/\/www.bordeaux-gazette.com\/annuaire\/wp-content\/uploads\/2020\/08\/user-1-150x150.jpg","contentUrl":"https:\/\/www.bordeaux-gazette.com\/annuaire\/wp-content\/uploads\/2020\/08\/user-1-150x150.jpg","caption":"Admin"},"sameAs":["https:\/\/www.facebook.com\/BGannuaire\/"]}]}},"_links":{"self":[{"href":"https:\/\/www.bordeaux-gazette.com\/annuaire\/wp-json\/wp\/v2\/posts\/2397"}],"collection":[{"href":"https:\/\/www.bordeaux-gazette.com\/annuaire\/wp-json\/wp\/v2\/posts"}],"about":[{"href":"https:\/\/www.bordeaux-gazette.com\/annuaire\/wp-json\/wp\/v2\/types\/post"}],"author":[{"embeddable":true,"href":"https:\/\/www.bordeaux-gazette.com\/annuaire\/wp-json\/wp\/v2\/users\/1"}],"replies":[{"embeddable":true,"href":"https:\/\/www.bordeaux-gazette.com\/annuaire\/wp-json\/wp\/v2\/comments?post=2397"}],"version-history":[{"count":2,"href":"https:\/\/www.bordeaux-gazette.com\/annuaire\/wp-json\/wp\/v2\/posts\/2397\/revisions"}],"predecessor-version":[{"id":2402,"href":"https:\/\/www.bordeaux-gazette.com\/annuaire\/wp-json\/wp\/v2\/posts\/2397\/revisions\/2402"}],"wp:featuredmedia":[{"embeddable":true,"href":"https:\/\/www.bordeaux-gazette.com\/annuaire\/wp-json\/wp\/v2\/media\/2400"}],"wp:attachment":[{"href":"https:\/\/www.bordeaux-gazette.com\/annuaire\/wp-json\/wp\/v2\/media?parent=2397"}],"wp:term":[{"taxonomy":"category","embeddable":true,"href":"https:\/\/www.bordeaux-gazette.com\/annuaire\/wp-json\/wp\/v2\/categories?post=2397"},{"taxonomy":"post_tag","embeddable":true,"href":"https:\/\/www.bordeaux-gazette.com\/annuaire\/wp-json\/wp\/v2\/tags?post=2397"}],"curies":[{"name":"wp","href":"https:\/\/api.w.org\/{rel}","templated":true}]}}