{"id":2232,"date":"2022-04-14T22:50:24","date_gmt":"2022-04-14T20:50:24","guid":{"rendered":"https:\/\/www.bordeaux-gazette.com\/annuaire\/comment-realiser-son-projet-professionnel\/"},"modified":"2022-04-14T22:50:24","modified_gmt":"2022-04-14T20:50:24","slug":"comment-realiser-son-projet-professionnel","status":"publish","type":"post","link":"https:\/\/www.bordeaux-gazette.com\/annuaire\/comment-realiser-son-projet-professionnel\/","title":{"rendered":"Comment r\u00e9aliser son projet professionnel ?"},"content":{"rendered":"<p lang=\"fr-FR\" align=\"justify\"> Etes-vous en qu\u00eate d\u2019un nouveau projet professionnel ? Vous avez maintenant atteint le point o\u00f9 vous devez <b>cr\u00e9er votre projet professionnel<\/b>. On ne va pas vous mentir, ce n&#8217;est un exercice facile pour personne. Il n\u00e9cessite un investissement, du temps et, surtout, une r\u00e9flexion approfondie sur vos souhaits pour l&#8217;avenir. Voici quelques conseils pour vous aider \u00e0 d\u00e9terminer l&#8217;orientation de votre parcours professionnel.<\/p>\n<h2>Quel est le but d&#8217;un projet professionnel ?<\/h2>\n<p lang=\"fr-FR\" align=\"justify\"> Tout d&#8217;abord, comprenons l&#8217;objectif de la cr\u00e9ation d&#8217;un plan de carri\u00e8re : le but de cet exercice est de faire correspondre vos souhaits, vos comp\u00e9tences, votre personnalit\u00e9 et la <b>situation du march\u00e9 du travail<\/b>. La cr\u00e9ation de ce projet met en lumi\u00e8re votre futur parcours professionnel. Pour certains, cette voie est trac\u00e9e depuis longtemps, tandis que pour d&#8217;autres, l&#8217;avenir se pr\u00e9sente avec un point d&#8217;interrogation. De nombreuses personnes choisissent de suivre leurs passions, d&#8217;autres h\u00e9sitent. Tout d&#8217;abord, vous devez \u00eatre en mesure de r\u00e9pondre aux questions suivantes : Quel est votre secteur d&#8217;activit\u00e9 pr\u00e9f\u00e9r\u00e9 ? Dans quelle position vous voyez-vous ? Pouvez-vous identifier vos forces et vos faiblesses ? \u00c9valuez vos comp\u00e9tences.<\/p>\n<p lang=\"fr-FR\" align=\"justify\"> Si vous ne connaissez pas les r\u00e9ponses \u00e0 ces questions, pas de panique, r\u00e9pondez-y une par une et commencez par les questions plus g\u00e9n\u00e9rales. Vous aimez travailler avec les autres ? \u00cates-vous \u00e0 l&#8217;aise pour parler ? Aimeriez-vous voyager ?<\/p>\n<h2>Traduire vos objectifs \u00e0 travers votre CV professionnel<\/h2>\n<p lang=\"fr-FR\" align=\"justify\"> La <b>r\u00e9daction du CV<\/b> traduit vos comp\u00e9tences mais pas seulement. Un bon CV doit traduire vos motivations et pr\u00e9senter vos objectifs de carri\u00e8re. Vous pouvez opter \u00e0 un mod\u00e8le <u><a href=\"https:\/\/modeles-cv.fr\/\">CV professionnel Word<\/a><\/u> si vous manquez d\u2019inspiration. Sachez que c\u2019est la vitrine qui vend vos atouts, donnez tout le temps n\u00e9cessaire pour convertir vos id\u00e9es, r\u00e9flexions \u00e0 travers les rubriques de votre CV. <\/p>\n<h2>Comment arriver \u00e0 r\u00e9aliser son projet professionnel ?<\/h2>\n<p lang=\"fr-FR\" align=\"justify\"> Les m\u00e9tiers sous tension sont tr\u00e8s pris\u00e9s et les <b>candidatures<\/b> se font nombreuses. Le nombre de places pour les dipl\u00f4mes d&#8217;\u00c9tat ou priv\u00e9s \u00e9tant limit\u00e9s, vous devez faire attention \u00e0 la r\u00e9daction de votre lettre de motivation. \u00c0 l&#8217;issue de <b>votre formation<\/b>, vous serez en mesure de mettre en r\u00e9el vos acquis acad\u00e9miques. Pour ce faire, dans votre lettre, vous devez justifier votre choix de formation, en justifiant la <b>pertinence du projet professionnel par rapport \u00e0 vos comp\u00e9tences<\/b>. D\u00e9crivez vos qualit\u00e9s les mieux adapt\u00e9es au poste, sans trop parler de vous. Surtout, soyez naturel et joignez votre CV pour donner au jury un aper\u00e7u objectif de votre personnalit\u00e9.<\/p>\n","protected":false},"excerpt":{"rendered":"<p>Etes-vous en qu\u00eate d\u2019un nouveau projet professionnel ? Vous avez maintenant atteint le point o\u00f9 vous devez cr\u00e9er votre projet professionnel. On ne va pas vous mentir, ce n&#8217;est un exercice facile pour personne. Il n\u00e9cessite un investissement, du temps et, surtout, une r\u00e9flexion approfondie sur vos souhaits pour l&#8217;avenir. Voici quelques conseils pour vous [&hellip;]<\/p>\n","protected":false},"author":1,"featured_media":2234,"comment_status":"open","ping_status":"open","sticky":false,"template":"","format":"standard","meta":[],"categories":[1],"tags":[],"yoast_head":"<!-- This site is optimized with the Yoast SEO plugin v18.1 - https:\/\/yoast.com\/wordpress\/plugins\/seo\/ -->\n<title>Comment r\u00e9aliser son projet professionnel ? - Bordeaux Gazette Annuaire<\/title>\n<meta name=\"robots\" content=\"index, follow, max-snippet:-1, max-image-preview:large, max-video-preview:-1\" \/>\n<link rel=\"canonical\" href=\"https:\/\/www.bordeaux-gazette.com\/annuaire\/comment-realiser-son-projet-professionnel\/\" \/>\n<meta property=\"og:locale\" content=\"fr_FR\" \/>\n<meta property=\"og:type\" content=\"article\" \/>\n<meta property=\"og:title\" content=\"Comment r\u00e9aliser son projet professionnel ? - Bordeaux Gazette Annuaire\" \/>\n<meta property=\"og:description\" content=\"Etes-vous en qu\u00eate d\u2019un nouveau projet professionnel ? Vous avez maintenant atteint le point o\u00f9 vous devez cr\u00e9er votre projet professionnel. On ne va pas vous mentir, ce n&#8217;est un exercice facile pour personne. Il n\u00e9cessite un investissement, du temps et, surtout, une r\u00e9flexion approfondie sur vos souhaits pour l&#8217;avenir. Voici quelques conseils pour vous [&hellip;]\" \/>\n<meta property=\"og:url\" content=\"https:\/\/www.bordeaux-gazette.com\/annuaire\/comment-realiser-son-projet-professionnel\/\" \/>\n<meta property=\"og:site_name\" content=\"Bordeaux Gazette Annuaire\" \/>\n<meta property=\"article:publisher\" content=\"https:\/\/www.facebook.com\/BGannuaire\/\" \/>\n<meta property=\"article:author\" content=\"https:\/\/www.facebook.com\/BGannuaire\/\" \/>\n<meta property=\"article:published_time\" content=\"2022-04-14T20:50:24+00:00\" \/>\n<meta property=\"og:image\" content=\"https:\/\/www.bordeaux-gazette.com\/annuaire\/wp-content\/uploads\/2022\/04\/32008ae7b734c1f38b5a5b6e5b559b99_html_a0e680e3eff481b4.jpg\" \/>\n\t<meta property=\"og:image:width\" content=\"1280\" \/>\n\t<meta property=\"og:image:height\" content=\"853\" \/>\n\t<meta property=\"og:image:type\" content=\"image\/jpeg\" \/>\n<meta name=\"twitter:card\" content=\"summary_large_image\" \/>\n<meta name=\"twitter:label1\" content=\"\u00c9crit par\" \/>\n\t<meta name=\"twitter:data1\" content=\"Admin\" \/>\n\t<meta name=\"twitter:label2\" content=\"Dur\u00e9e de lecture estim\u00e9e\" \/>\n\t<meta name=\"twitter:data2\" content=\"2 minutes\" \/>\n<script type=\"application\/ld+json\" class=\"yoast-schema-graph\">{\"@context\":\"https:\/\/schema.org\",\"@graph\":[{\"@type\":\"Organization\",\"@id\":\"https:\/\/www.bordeaux-gazette.com\/annuaire\/#organization\",\"name\":\"Bordeaux Gazette Annuaire\",\"url\":\"https:\/\/www.bordeaux-gazette.com\/annuaire\/\",\"sameAs\":[\"https:\/\/www.facebook.com\/BGannuaire\/\"],\"logo\":{\"@type\":\"ImageObject\",\"@id\":\"https:\/\/www.bordeaux-gazette.com\/annuaire\/#logo\",\"inLanguage\":\"fr-FR\",\"url\":\"https:\/\/www.bordeaux-gazette.com\/annuaire\/wp-content\/uploads\/2017\/04\/bgannu_logo3.jpg\",\"contentUrl\":\"https:\/\/www.bordeaux-gazette.com\/annuaire\/wp-content\/uploads\/2017\/04\/bgannu_logo3.jpg\",\"width\":118,\"height\":105,\"caption\":\"Bordeaux Gazette Annuaire\"},\"image\":{\"@id\":\"https:\/\/www.bordeaux-gazette.com\/annuaire\/#logo\"}},{\"@type\":\"WebSite\",\"@id\":\"https:\/\/www.bordeaux-gazette.com\/annuaire\/#website\",\"url\":\"https:\/\/www.bordeaux-gazette.com\/annuaire\/\",\"name\":\"Bordeaux Gazette Annuaire\",\"description\":\"Les commerces et services pr\u00e8s de chez vous\",\"publisher\":{\"@id\":\"https:\/\/www.bordeaux-gazette.com\/annuaire\/#organization\"},\"potentialAction\":[{\"@type\":\"SearchAction\",\"target\":{\"@type\":\"EntryPoint\",\"urlTemplate\":\"https:\/\/www.bordeaux-gazette.com\/annuaire\/?s={search_term_string}\"},\"query-input\":\"required name=search_term_string\"}],\"inLanguage\":\"fr-FR\"},{\"@type\":\"ImageObject\",\"@id\":\"https:\/\/www.bordeaux-gazette.com\/annuaire\/comment-realiser-son-projet-professionnel\/#primaryimage\",\"inLanguage\":\"fr-FR\",\"url\":\"https:\/\/www.bordeaux-gazette.com\/annuaire\/wp-content\/uploads\/2022\/04\/32008ae7b734c1f38b5a5b6e5b559b99_html_a0e680e3eff481b4.jpg\",\"contentUrl\":\"https:\/\/www.bordeaux-gazette.com\/annuaire\/wp-content\/uploads\/2022\/04\/32008ae7b734c1f38b5a5b6e5b559b99_html_a0e680e3eff481b4.jpg\",\"width\":1280,\"height\":853},{\"@type\":\"WebPage\",\"@id\":\"https:\/\/www.bordeaux-gazette.com\/annuaire\/comment-realiser-son-projet-professionnel\/#webpage\",\"url\":\"https:\/\/www.bordeaux-gazette.com\/annuaire\/comment-realiser-son-projet-professionnel\/\",\"name\":\"Comment r\u00e9aliser son projet professionnel ? - Bordeaux Gazette Annuaire\",\"isPartOf\":{\"@id\":\"https:\/\/www.bordeaux-gazette.com\/annuaire\/#website\"},\"primaryImageOfPage\":{\"@id\":\"https:\/\/www.bordeaux-gazette.com\/annuaire\/comment-realiser-son-projet-professionnel\/#primaryimage\"},\"datePublished\":\"2022-04-14T20:50:24+00:00\",\"dateModified\":\"2022-04-14T20:50:24+00:00\",\"breadcrumb\":{\"@id\":\"https:\/\/www.bordeaux-gazette.com\/annuaire\/comment-realiser-son-projet-professionnel\/#breadcrumb\"},\"inLanguage\":\"fr-FR\",\"potentialAction\":[{\"@type\":\"ReadAction\",\"target\":[\"https:\/\/www.bordeaux-gazette.com\/annuaire\/comment-realiser-son-projet-professionnel\/\"]}]},{\"@type\":\"BreadcrumbList\",\"@id\":\"https:\/\/www.bordeaux-gazette.com\/annuaire\/comment-realiser-son-projet-professionnel\/#breadcrumb\",\"itemListElement\":[{\"@type\":\"ListItem\",\"position\":1,\"name\":\"Accueil\",\"item\":\"https:\/\/www.bordeaux-gazette.com\/annuaire\/\"},{\"@type\":\"ListItem\",\"position\":2,\"name\":\"Comment r\u00e9aliser son projet professionnel ?\"}]},{\"@type\":\"Article\",\"@id\":\"https:\/\/www.bordeaux-gazette.com\/annuaire\/comment-realiser-son-projet-professionnel\/#article\",\"isPartOf\":{\"@id\":\"https:\/\/www.bordeaux-gazette.com\/annuaire\/comment-realiser-son-projet-professionnel\/#webpage\"},\"author\":{\"@id\":\"https:\/\/www.bordeaux-gazette.com\/annuaire\/#\/schema\/person\/7335e3c9b4a52ba98dc9037073e42b56\"},\"headline\":\"Comment r\u00e9aliser son projet professionnel ?\",\"datePublished\":\"2022-04-14T20:50:24+00:00\",\"dateModified\":\"2022-04-14T20:50:24+00:00\",\"mainEntityOfPage\":{\"@id\":\"https:\/\/www.bordeaux-gazette.com\/annuaire\/comment-realiser-son-projet-professionnel\/#webpage\"},\"wordCount\":442,\"commentCount\":0,\"publisher\":{\"@id\":\"https:\/\/www.bordeaux-gazette.com\/annuaire\/#organization\"},\"image\":{\"@id\":\"https:\/\/www.bordeaux-gazette.com\/annuaire\/comment-realiser-son-projet-professionnel\/#primaryimage\"},\"thumbnailUrl\":\"https:\/\/www.bordeaux-gazette.com\/annuaire\/wp-content\/uploads\/2022\/04\/32008ae7b734c1f38b5a5b6e5b559b99_html_a0e680e3eff481b4.jpg\",\"articleSection\":[\"Le Blog\"],\"inLanguage\":\"fr-FR\",\"potentialAction\":[{\"@type\":\"CommentAction\",\"name\":\"Comment\",\"target\":[\"https:\/\/www.bordeaux-gazette.com\/annuaire\/comment-realiser-son-projet-professionnel\/#respond\"]}]},{\"@type\":\"Person\",\"@id\":\"https:\/\/www.bordeaux-gazette.com\/annuaire\/#\/schema\/person\/7335e3c9b4a52ba98dc9037073e42b56\",\"name\":\"Admin\",\"image\":{\"@type\":\"ImageObject\",\"@id\":\"https:\/\/www.bordeaux-gazette.com\/annuaire\/#personlogo\",\"inLanguage\":\"fr-FR\",\"url\":\"https:\/\/www.bordeaux-gazette.com\/annuaire\/wp-content\/uploads\/2020\/08\/user-1-150x150.jpg\",\"contentUrl\":\"https:\/\/www.bordeaux-gazette.com\/annuaire\/wp-content\/uploads\/2020\/08\/user-1-150x150.jpg\",\"caption\":\"Admin\"},\"sameAs\":[\"https:\/\/www.facebook.com\/BGannuaire\/\"]}]}<\/script>\n<!-- \/ Yoast SEO plugin. -->","yoast_head_json":{"title":"Comment r\u00e9aliser son projet professionnel ? - Bordeaux Gazette Annuaire","robots":{"index":"index","follow":"follow","max-snippet":"max-snippet:-1","max-image-preview":"max-image-preview:large","max-video-preview":"max-video-preview:-1"},"canonical":"https:\/\/www.bordeaux-gazette.com\/annuaire\/comment-realiser-son-projet-professionnel\/","og_locale":"fr_FR","og_type":"article","og_title":"Comment r\u00e9aliser son projet professionnel ? - Bordeaux Gazette Annuaire","og_description":"Etes-vous en qu\u00eate d\u2019un nouveau projet professionnel ? Vous avez maintenant atteint le point o\u00f9 vous devez cr\u00e9er votre projet professionnel. On ne va pas vous mentir, ce n&#8217;est un exercice facile pour personne. Il n\u00e9cessite un investissement, du temps et, surtout, une r\u00e9flexion approfondie sur vos souhaits pour l&#8217;avenir. Voici quelques conseils pour vous [&hellip;]","og_url":"https:\/\/www.bordeaux-gazette.com\/annuaire\/comment-realiser-son-projet-professionnel\/","og_site_name":"Bordeaux Gazette Annuaire","article_publisher":"https:\/\/www.facebook.com\/BGannuaire\/","article_author":"https:\/\/www.facebook.com\/BGannuaire\/","article_published_time":"2022-04-14T20:50:24+00:00","og_image":[{"width":1280,"height":853,"url":"https:\/\/www.bordeaux-gazette.com\/annuaire\/wp-content\/uploads\/2022\/04\/32008ae7b734c1f38b5a5b6e5b559b99_html_a0e680e3eff481b4.jpg","type":"image\/jpeg"}],"twitter_card":"summary_large_image","twitter_misc":{"\u00c9crit par":"Admin","Dur\u00e9e de lecture estim\u00e9e":"2 minutes"},"schema":{"@context":"https:\/\/schema.org","@graph":[{"@type":"Organization","@id":"https:\/\/www.bordeaux-gazette.com\/annuaire\/#organization","name":"Bordeaux Gazette Annuaire","url":"https:\/\/www.bordeaux-gazette.com\/annuaire\/","sameAs":["https:\/\/www.facebook.com\/BGannuaire\/"],"logo":{"@type":"ImageObject","@id":"https:\/\/www.bordeaux-gazette.com\/annuaire\/#logo","inLanguage":"fr-FR","url":"https:\/\/www.bordeaux-gazette.com\/annuaire\/wp-content\/uploads\/2017\/04\/bgannu_logo3.jpg","contentUrl":"https:\/\/www.bordeaux-gazette.com\/annuaire\/wp-content\/uploads\/2017\/04\/bgannu_logo3.jpg","width":118,"height":105,"caption":"Bordeaux Gazette Annuaire"},"image":{"@id":"https:\/\/www.bordeaux-gazette.com\/annuaire\/#logo"}},{"@type":"WebSite","@id":"https:\/\/www.bordeaux-gazette.com\/annuaire\/#website","url":"https:\/\/www.bordeaux-gazette.com\/annuaire\/","name":"Bordeaux Gazette Annuaire","description":"Les commerces et services pr\u00e8s de chez vous","publisher":{"@id":"https:\/\/www.bordeaux-gazette.com\/annuaire\/#organization"},"potentialAction":[{"@type":"SearchAction","target":{"@type":"EntryPoint","urlTemplate":"https:\/\/www.bordeaux-gazette.com\/annuaire\/?s={search_term_string}"},"query-input":"required name=search_term_string"}],"inLanguage":"fr-FR"},{"@type":"ImageObject","@id":"https:\/\/www.bordeaux-gazette.com\/annuaire\/comment-realiser-son-projet-professionnel\/#primaryimage","inLanguage":"fr-FR","url":"https:\/\/www.bordeaux-gazette.com\/annuaire\/wp-content\/uploads\/2022\/04\/32008ae7b734c1f38b5a5b6e5b559b99_html_a0e680e3eff481b4.jpg","contentUrl":"https:\/\/www.bordeaux-gazette.com\/annuaire\/wp-content\/uploads\/2022\/04\/32008ae7b734c1f38b5a5b6e5b559b99_html_a0e680e3eff481b4.jpg","width":1280,"height":853},{"@type":"WebPage","@id":"https:\/\/www.bordeaux-gazette.com\/annuaire\/comment-realiser-son-projet-professionnel\/#webpage","url":"https:\/\/www.bordeaux-gazette.com\/annuaire\/comment-realiser-son-projet-professionnel\/","name":"Comment r\u00e9aliser son projet professionnel ? - Bordeaux Gazette Annuaire","isPartOf":{"@id":"https:\/\/www.bordeaux-gazette.com\/annuaire\/#website"},"primaryImageOfPage":{"@id":"https:\/\/www.bordeaux-gazette.com\/annuaire\/comment-realiser-son-projet-professionnel\/#primaryimage"},"datePublished":"2022-04-14T20:50:24+00:00","dateModified":"2022-04-14T20:50:24+00:00","breadcrumb":{"@id":"https:\/\/www.bordeaux-gazette.com\/annuaire\/comment-realiser-son-projet-professionnel\/#breadcrumb"},"inLanguage":"fr-FR","potentialAction":[{"@type":"ReadAction","target":["https:\/\/www.bordeaux-gazette.com\/annuaire\/comment-realiser-son-projet-professionnel\/"]}]},{"@type":"BreadcrumbList","@id":"https:\/\/www.bordeaux-gazette.com\/annuaire\/comment-realiser-son-projet-professionnel\/#breadcrumb","itemListElement":[{"@type":"ListItem","position":1,"name":"Accueil","item":"https:\/\/www.bordeaux-gazette.com\/annuaire\/"},{"@type":"ListItem","position":2,"name":"Comment r\u00e9aliser son projet professionnel ?"}]},{"@type":"Article","@id":"https:\/\/www.bordeaux-gazette.com\/annuaire\/comment-realiser-son-projet-professionnel\/#article","isPartOf":{"@id":"https:\/\/www.bordeaux-gazette.com\/annuaire\/comment-realiser-son-projet-professionnel\/#webpage"},"author":{"@id":"https:\/\/www.bordeaux-gazette.com\/annuaire\/#\/schema\/person\/7335e3c9b4a52ba98dc9037073e42b56"},"headline":"Comment r\u00e9aliser son projet professionnel ?","datePublished":"2022-04-14T20:50:24+00:00","dateModified":"2022-04-14T20:50:24+00:00","mainEntityOfPage":{"@id":"https:\/\/www.bordeaux-gazette.com\/annuaire\/comment-realiser-son-projet-professionnel\/#webpage"},"wordCount":442,"commentCount":0,"publisher":{"@id":"https:\/\/www.bordeaux-gazette.com\/annuaire\/#organization"},"image":{"@id":"https:\/\/www.bordeaux-gazette.com\/annuaire\/comment-realiser-son-projet-professionnel\/#primaryimage"},"thumbnailUrl":"https:\/\/www.bordeaux-gazette.com\/annuaire\/wp-content\/uploads\/2022\/04\/32008ae7b734c1f38b5a5b6e5b559b99_html_a0e680e3eff481b4.jpg","articleSection":["Le Blog"],"inLanguage":"fr-FR","potentialAction":[{"@type":"CommentAction","name":"Comment","target":["https:\/\/www.bordeaux-gazette.com\/annuaire\/comment-realiser-son-projet-professionnel\/#respond"]}]},{"@type":"Person","@id":"https:\/\/www.bordeaux-gazette.com\/annuaire\/#\/schema\/person\/7335e3c9b4a52ba98dc9037073e42b56","name":"Admin","image":{"@type":"ImageObject","@id":"https:\/\/www.bordeaux-gazette.com\/annuaire\/#personlogo","inLanguage":"fr-FR","url":"https:\/\/www.bordeaux-gazette.com\/annuaire\/wp-content\/uploads\/2020\/08\/user-1-150x150.jpg","contentUrl":"https:\/\/www.bordeaux-gazette.com\/annuaire\/wp-content\/uploads\/2020\/08\/user-1-150x150.jpg","caption":"Admin"},"sameAs":["https:\/\/www.facebook.com\/BGannuaire\/"]}]}},"_links":{"self":[{"href":"https:\/\/www.bordeaux-gazette.com\/annuaire\/wp-json\/wp\/v2\/posts\/2232"}],"collection":[{"href":"https:\/\/www.bordeaux-gazette.com\/annuaire\/wp-json\/wp\/v2\/posts"}],"about":[{"href":"https:\/\/www.bordeaux-gazette.com\/annuaire\/wp-json\/wp\/v2\/types\/post"}],"author":[{"embeddable":true,"href":"https:\/\/www.bordeaux-gazette.com\/annuaire\/wp-json\/wp\/v2\/users\/1"}],"replies":[{"embeddable":true,"href":"https:\/\/www.bordeaux-gazette.com\/annuaire\/wp-json\/wp\/v2\/comments?post=2232"}],"version-history":[{"count":1,"href":"https:\/\/www.bordeaux-gazette.com\/annuaire\/wp-json\/wp\/v2\/posts\/2232\/revisions"}],"predecessor-version":[{"id":2233,"href":"https:\/\/www.bordeaux-gazette.com\/annuaire\/wp-json\/wp\/v2\/posts\/2232\/revisions\/2233"}],"wp:featuredmedia":[{"embeddable":true,"href":"https:\/\/www.bordeaux-gazette.com\/annuaire\/wp-json\/wp\/v2\/media\/2234"}],"wp:attachment":[{"href":"https:\/\/www.bordeaux-gazette.com\/annuaire\/wp-json\/wp\/v2\/media?parent=2232"}],"wp:term":[{"taxonomy":"category","embeddable":true,"href":"https:\/\/www.bordeaux-gazette.com\/annuaire\/wp-json\/wp\/v2\/categories?post=2232"},{"taxonomy":"post_tag","embeddable":true,"href":"https:\/\/www.bordeaux-gazette.com\/annuaire\/wp-json\/wp\/v2\/tags?post=2232"}],"curies":[{"name":"wp","href":"https:\/\/api.w.org\/{rel}","templated":true}]}}