{"id":1935,"date":"2020-09-24T12:12:05","date_gmt":"2020-09-24T10:12:05","guid":{"rendered":"https:\/\/www.bordeaux-gazette.com\/annuaire\/?p=1935"},"modified":"2021-03-22T17:22:34","modified_gmt":"2021-03-22T16:22:34","slug":"v-and-b-debarque-a-st-jean-dillac","status":"publish","type":"post","link":"https:\/\/www.bordeaux-gazette.com\/annuaire\/v-and-b-debarque-a-st-jean-dillac\/","title":{"rendered":"V and B d\u00e9barque \u00e0 St-Jean-d\u2019Illac !"},"content":{"rendered":"<p><strong>Ce lundi 28 septembre, David et son \u00e9quipe ouvriront le 218\u00e8me <a href=\"https:\/\/www.bordeaux-gazette.com\/annuaire\/listing\/v-and-b-st-jean-dillac\/\">V and B<\/a> de France \u00e0 St-Jean-d\u2019Illac.<\/strong><\/p>\n<p>Sp\u00e9cialiste des vins, des spiritueux et VandBiste dans l\u2019\u00e2me depuis plusieurs ann\u00e9es, David est devenu animateur r\u00e9seau sur la r\u00e9gion SudOuest au sein du groupe V and B. A force de voyager de magasin en magasin, son envie d\u2019ouvrir son propre V and B a pris le dessus ! Pour David, une nouvelle aventure d\u00e9marre \u00e0 St Jean d\u2019Illac !<\/p>\n<p>Ce que David appr\u00e9cie chez V and B ? L\u2019\u00e9volution du concept au fil des ann\u00e9es, le c\u00f4t\u00e9 cave pour l\u2019expertise-conseil apport\u00e9 aux clients et le c\u00f4t\u00e9 bar pour le fun et le partage de bons moments ! Vous ne connaissez pas encore V and B ? A prononcer [Vi] and [Bi]. K\u00e9sako ? C\u2019est une cave et un bar&#8230; Mais pas seulement, c\u2019est un endroit d\u2019\u00e9changes, d\u2019exp\u00e9riences et de rencontres, pour partager de bons moments autour de bons produits ! Vous \u00eates \u00e0 la recherche d\u2019un endroit pour vous retrouver avec vos amis, apr\u00e8s une journ\u00e9e harassante ? Ou encore, \u00e0 la qu\u00eate d\u2019un vin d\u2019exception \u00e0 offrir ? V and B St-Jean-d\u2019Illac sera l\u2019endroit id\u00e9al pour prendre un verre et d\u00e9guster sur place ou \u00e0 emporter, vos produits favoris. <\/p>\n<p>D\u00e9couvrez, du bar jusqu\u2019\u00e0 la cave, plus de 300 r\u00e9f\u00e9rences de vins, 350 bi\u00e8res, et 250 r\u00e9f\u00e9rences de rhums et whiskies. De nombreuses soir\u00e9es \u00e0 th\u00e8mes ainsi que des ap\u00e9ros concerts seront au rendez-vous au V and B St-Jean-d\u2019Illac. 3 mots qui repr\u00e9sentent David et son \u00e9quipe : Professionnels &#8211; Novateurs &#8211; Fun. Difficile pour nous de vous d\u00e9crire l\u2019\u00e2me d\u2019un V and B en quelques lignes. Nous vous invitons \u00e0 d\u00e9couvrir le concept de vos propres yeux d\u00e8s maintenant et nous vous attendons du jeudi 15 au samedi 17 octobre pour participer \u00e0 nos trois jours d\u2019inauguration !<\/p>\n<p><a href=\"https:\/\/www.bordeaux-gazette.com\/annuaire\/listing\/v-and-b-st-jean-dillac\/\">V and B (St-Jean-d\u2019Illac), toutes les infos adresses et horaires de l&#8217;\u00e9tablissement sur Bordeaux Gazette Annuaire.<\/a><\/p>\n","protected":false},"excerpt":{"rendered":"<p>Ce lundi 28 septembre, David et son \u00e9quipe ouvriront le 218\u00e8me V and B de France \u00e0 St-Jean-d\u2019Illac. Sp\u00e9cialiste des vins, des spiritueux et VandBiste dans l\u2019\u00e2me depuis plusieurs ann\u00e9es, David est devenu animateur r\u00e9seau sur la r\u00e9gion SudOuest au sein du groupe V and B. A force de voyager de magasin en magasin, son [&hellip;]<\/p>\n","protected":false},"author":1,"featured_media":1936,"comment_status":"open","ping_status":"open","sticky":false,"template":"","format":"standard","meta":[],"categories":[1],"tags":[271],"yoast_head":"<!-- This site is optimized with the Yoast SEO plugin v18.1 - https:\/\/yoast.com\/wordpress\/plugins\/seo\/ -->\n<title>V and B d\u00e9barque \u00e0 St-Jean-d\u2019Illac ! - Bordeaux Gazette Annuaire<\/title>\n<meta name=\"description\" content=\"V and B d\u00e9barque \u00e0 St-Jean-d\u2019Illac pour le 218\u00e8me V and B de France.\" \/>\n<meta name=\"robots\" content=\"index, follow, max-snippet:-1, max-image-preview:large, max-video-preview:-1\" \/>\n<link rel=\"canonical\" href=\"https:\/\/www.bordeaux-gazette.com\/annuaire\/v-and-b-debarque-a-st-jean-dillac\/\" \/>\n<meta property=\"og:locale\" content=\"fr_FR\" \/>\n<meta property=\"og:type\" content=\"article\" \/>\n<meta property=\"og:title\" content=\"V and B d\u00e9barque \u00e0 St-Jean-d\u2019Illac ! - Bordeaux Gazette Annuaire\" \/>\n<meta property=\"og:description\" content=\"V and B d\u00e9barque \u00e0 St-Jean-d\u2019Illac pour le 218\u00e8me V and B de France.\" \/>\n<meta property=\"og:url\" content=\"https:\/\/www.bordeaux-gazette.com\/annuaire\/v-and-b-debarque-a-st-jean-dillac\/\" \/>\n<meta property=\"og:site_name\" content=\"Bordeaux Gazette Annuaire\" \/>\n<meta property=\"article:publisher\" content=\"https:\/\/www.facebook.com\/BGannuaire\/\" \/>\n<meta property=\"article:author\" content=\"https:\/\/www.facebook.com\/BGannuaire\/\" \/>\n<meta property=\"article:published_time\" content=\"2020-09-24T10:12:05+00:00\" \/>\n<meta property=\"article:modified_time\" content=\"2021-03-22T16:22:34+00:00\" \/>\n<meta property=\"og:image\" content=\"https:\/\/www.bordeaux-gazette.com\/annuaire\/wp-content\/uploads\/2020\/09\/wine-2933943_1920.jpg\" \/>\n\t<meta property=\"og:image:width\" content=\"1920\" \/>\n\t<meta property=\"og:image:height\" content=\"1281\" \/>\n\t<meta property=\"og:image:type\" content=\"image\/jpeg\" \/>\n<meta name=\"twitter:card\" content=\"summary_large_image\" \/>\n<meta name=\"twitter:label1\" content=\"\u00c9crit par\" \/>\n\t<meta name=\"twitter:data1\" content=\"Admin\" \/>\n\t<meta name=\"twitter:label2\" content=\"Dur\u00e9e de lecture estim\u00e9e\" \/>\n\t<meta name=\"twitter:data2\" content=\"2 minutes\" \/>\n<script type=\"application\/ld+json\" class=\"yoast-schema-graph\">{\"@context\":\"https:\/\/schema.org\",\"@graph\":[{\"@type\":\"Organization\",\"@id\":\"https:\/\/www.bordeaux-gazette.com\/annuaire\/#organization\",\"name\":\"Bordeaux Gazette Annuaire\",\"url\":\"https:\/\/www.bordeaux-gazette.com\/annuaire\/\",\"sameAs\":[\"https:\/\/www.facebook.com\/BGannuaire\/\"],\"logo\":{\"@type\":\"ImageObject\",\"@id\":\"https:\/\/www.bordeaux-gazette.com\/annuaire\/#logo\",\"inLanguage\":\"fr-FR\",\"url\":\"https:\/\/www.bordeaux-gazette.com\/annuaire\/wp-content\/uploads\/2017\/04\/bgannu_logo3.jpg\",\"contentUrl\":\"https:\/\/www.bordeaux-gazette.com\/annuaire\/wp-content\/uploads\/2017\/04\/bgannu_logo3.jpg\",\"width\":118,\"height\":105,\"caption\":\"Bordeaux Gazette Annuaire\"},\"image\":{\"@id\":\"https:\/\/www.bordeaux-gazette.com\/annuaire\/#logo\"}},{\"@type\":\"WebSite\",\"@id\":\"https:\/\/www.bordeaux-gazette.com\/annuaire\/#website\",\"url\":\"https:\/\/www.bordeaux-gazette.com\/annuaire\/\",\"name\":\"Bordeaux Gazette Annuaire\",\"description\":\"Les commerces et services pr\u00e8s de chez vous\",\"publisher\":{\"@id\":\"https:\/\/www.bordeaux-gazette.com\/annuaire\/#organization\"},\"potentialAction\":[{\"@type\":\"SearchAction\",\"target\":{\"@type\":\"EntryPoint\",\"urlTemplate\":\"https:\/\/www.bordeaux-gazette.com\/annuaire\/?s={search_term_string}\"},\"query-input\":\"required name=search_term_string\"}],\"inLanguage\":\"fr-FR\"},{\"@type\":\"ImageObject\",\"@id\":\"https:\/\/www.bordeaux-gazette.com\/annuaire\/v-and-b-debarque-a-st-jean-dillac\/#primaryimage\",\"inLanguage\":\"fr-FR\",\"url\":\"https:\/\/www.bordeaux-gazette.com\/annuaire\/wp-content\/uploads\/2020\/09\/wine-2933943_1920.jpg\",\"contentUrl\":\"https:\/\/www.bordeaux-gazette.com\/annuaire\/wp-content\/uploads\/2020\/09\/wine-2933943_1920.jpg\",\"width\":1920,\"height\":1281},{\"@type\":\"WebPage\",\"@id\":\"https:\/\/www.bordeaux-gazette.com\/annuaire\/v-and-b-debarque-a-st-jean-dillac\/#webpage\",\"url\":\"https:\/\/www.bordeaux-gazette.com\/annuaire\/v-and-b-debarque-a-st-jean-dillac\/\",\"name\":\"V and B d\u00e9barque \u00e0 St-Jean-d\u2019Illac ! - Bordeaux Gazette Annuaire\",\"isPartOf\":{\"@id\":\"https:\/\/www.bordeaux-gazette.com\/annuaire\/#website\"},\"primaryImageOfPage\":{\"@id\":\"https:\/\/www.bordeaux-gazette.com\/annuaire\/v-and-b-debarque-a-st-jean-dillac\/#primaryimage\"},\"datePublished\":\"2020-09-24T10:12:05+00:00\",\"dateModified\":\"2021-03-22T16:22:34+00:00\",\"description\":\"V and B d\u00e9barque \u00e0 St-Jean-d\u2019Illac pour le 218\u00e8me V and B de France.\",\"breadcrumb\":{\"@id\":\"https:\/\/www.bordeaux-gazette.com\/annuaire\/v-and-b-debarque-a-st-jean-dillac\/#breadcrumb\"},\"inLanguage\":\"fr-FR\",\"potentialAction\":[{\"@type\":\"ReadAction\",\"target\":[\"https:\/\/www.bordeaux-gazette.com\/annuaire\/v-and-b-debarque-a-st-jean-dillac\/\"]}]},{\"@type\":\"BreadcrumbList\",\"@id\":\"https:\/\/www.bordeaux-gazette.com\/annuaire\/v-and-b-debarque-a-st-jean-dillac\/#breadcrumb\",\"itemListElement\":[{\"@type\":\"ListItem\",\"position\":1,\"name\":\"Accueil\",\"item\":\"https:\/\/www.bordeaux-gazette.com\/annuaire\/\"},{\"@type\":\"ListItem\",\"position\":2,\"name\":\"V and B d\u00e9barque \u00e0 St-Jean-d\u2019Illac !\"}]},{\"@type\":\"Article\",\"@id\":\"https:\/\/www.bordeaux-gazette.com\/annuaire\/v-and-b-debarque-a-st-jean-dillac\/#article\",\"isPartOf\":{\"@id\":\"https:\/\/www.bordeaux-gazette.com\/annuaire\/v-and-b-debarque-a-st-jean-dillac\/#webpage\"},\"author\":{\"@id\":\"https:\/\/www.bordeaux-gazette.com\/annuaire\/#\/schema\/person\/7335e3c9b4a52ba98dc9037073e42b56\"},\"headline\":\"V and B d\u00e9barque \u00e0 St-Jean-d\u2019Illac !\",\"datePublished\":\"2020-09-24T10:12:05+00:00\",\"dateModified\":\"2021-03-22T16:22:34+00:00\",\"mainEntityOfPage\":{\"@id\":\"https:\/\/www.bordeaux-gazette.com\/annuaire\/v-and-b-debarque-a-st-jean-dillac\/#webpage\"},\"wordCount\":354,\"commentCount\":0,\"publisher\":{\"@id\":\"https:\/\/www.bordeaux-gazette.com\/annuaire\/#organization\"},\"image\":{\"@id\":\"https:\/\/www.bordeaux-gazette.com\/annuaire\/v-and-b-debarque-a-st-jean-dillac\/#primaryimage\"},\"thumbnailUrl\":\"https:\/\/www.bordeaux-gazette.com\/annuaire\/wp-content\/uploads\/2020\/09\/wine-2933943_1920.jpg\",\"keywords\":[\"Saint-Jean-d'Illac\"],\"articleSection\":[\"Le Blog\"],\"inLanguage\":\"fr-FR\",\"potentialAction\":[{\"@type\":\"CommentAction\",\"name\":\"Comment\",\"target\":[\"https:\/\/www.bordeaux-gazette.com\/annuaire\/v-and-b-debarque-a-st-jean-dillac\/#respond\"]}]},{\"@type\":\"Person\",\"@id\":\"https:\/\/www.bordeaux-gazette.com\/annuaire\/#\/schema\/person\/7335e3c9b4a52ba98dc9037073e42b56\",\"name\":\"Admin\",\"image\":{\"@type\":\"ImageObject\",\"@id\":\"https:\/\/www.bordeaux-gazette.com\/annuaire\/#personlogo\",\"inLanguage\":\"fr-FR\",\"url\":\"https:\/\/www.bordeaux-gazette.com\/annuaire\/wp-content\/uploads\/2020\/08\/user-1-150x150.jpg\",\"contentUrl\":\"https:\/\/www.bordeaux-gazette.com\/annuaire\/wp-content\/uploads\/2020\/08\/user-1-150x150.jpg\",\"caption\":\"Admin\"},\"sameAs\":[\"https:\/\/www.facebook.com\/BGannuaire\/\"]}]}<\/script>\n<!-- \/ Yoast SEO plugin. -->","yoast_head_json":{"title":"V and B d\u00e9barque \u00e0 St-Jean-d\u2019Illac ! - Bordeaux Gazette Annuaire","description":"V and B d\u00e9barque \u00e0 St-Jean-d\u2019Illac pour le 218\u00e8me V and B de France.","robots":{"index":"index","follow":"follow","max-snippet":"max-snippet:-1","max-image-preview":"max-image-preview:large","max-video-preview":"max-video-preview:-1"},"canonical":"https:\/\/www.bordeaux-gazette.com\/annuaire\/v-and-b-debarque-a-st-jean-dillac\/","og_locale":"fr_FR","og_type":"article","og_title":"V and B d\u00e9barque \u00e0 St-Jean-d\u2019Illac ! - Bordeaux Gazette Annuaire","og_description":"V and B d\u00e9barque \u00e0 St-Jean-d\u2019Illac pour le 218\u00e8me V and B de France.","og_url":"https:\/\/www.bordeaux-gazette.com\/annuaire\/v-and-b-debarque-a-st-jean-dillac\/","og_site_name":"Bordeaux Gazette Annuaire","article_publisher":"https:\/\/www.facebook.com\/BGannuaire\/","article_author":"https:\/\/www.facebook.com\/BGannuaire\/","article_published_time":"2020-09-24T10:12:05+00:00","article_modified_time":"2021-03-22T16:22:34+00:00","og_image":[{"width":1920,"height":1281,"url":"https:\/\/www.bordeaux-gazette.com\/annuaire\/wp-content\/uploads\/2020\/09\/wine-2933943_1920.jpg","type":"image\/jpeg"}],"twitter_card":"summary_large_image","twitter_misc":{"\u00c9crit par":"Admin","Dur\u00e9e de lecture estim\u00e9e":"2 minutes"},"schema":{"@context":"https:\/\/schema.org","@graph":[{"@type":"Organization","@id":"https:\/\/www.bordeaux-gazette.com\/annuaire\/#organization","name":"Bordeaux Gazette Annuaire","url":"https:\/\/www.bordeaux-gazette.com\/annuaire\/","sameAs":["https:\/\/www.facebook.com\/BGannuaire\/"],"logo":{"@type":"ImageObject","@id":"https:\/\/www.bordeaux-gazette.com\/annuaire\/#logo","inLanguage":"fr-FR","url":"https:\/\/www.bordeaux-gazette.com\/annuaire\/wp-content\/uploads\/2017\/04\/bgannu_logo3.jpg","contentUrl":"https:\/\/www.bordeaux-gazette.com\/annuaire\/wp-content\/uploads\/2017\/04\/bgannu_logo3.jpg","width":118,"height":105,"caption":"Bordeaux Gazette Annuaire"},"image":{"@id":"https:\/\/www.bordeaux-gazette.com\/annuaire\/#logo"}},{"@type":"WebSite","@id":"https:\/\/www.bordeaux-gazette.com\/annuaire\/#website","url":"https:\/\/www.bordeaux-gazette.com\/annuaire\/","name":"Bordeaux Gazette Annuaire","description":"Les commerces et services pr\u00e8s de chez vous","publisher":{"@id":"https:\/\/www.bordeaux-gazette.com\/annuaire\/#organization"},"potentialAction":[{"@type":"SearchAction","target":{"@type":"EntryPoint","urlTemplate":"https:\/\/www.bordeaux-gazette.com\/annuaire\/?s={search_term_string}"},"query-input":"required name=search_term_string"}],"inLanguage":"fr-FR"},{"@type":"ImageObject","@id":"https:\/\/www.bordeaux-gazette.com\/annuaire\/v-and-b-debarque-a-st-jean-dillac\/#primaryimage","inLanguage":"fr-FR","url":"https:\/\/www.bordeaux-gazette.com\/annuaire\/wp-content\/uploads\/2020\/09\/wine-2933943_1920.jpg","contentUrl":"https:\/\/www.bordeaux-gazette.com\/annuaire\/wp-content\/uploads\/2020\/09\/wine-2933943_1920.jpg","width":1920,"height":1281},{"@type":"WebPage","@id":"https:\/\/www.bordeaux-gazette.com\/annuaire\/v-and-b-debarque-a-st-jean-dillac\/#webpage","url":"https:\/\/www.bordeaux-gazette.com\/annuaire\/v-and-b-debarque-a-st-jean-dillac\/","name":"V and B d\u00e9barque \u00e0 St-Jean-d\u2019Illac ! - Bordeaux Gazette Annuaire","isPartOf":{"@id":"https:\/\/www.bordeaux-gazette.com\/annuaire\/#website"},"primaryImageOfPage":{"@id":"https:\/\/www.bordeaux-gazette.com\/annuaire\/v-and-b-debarque-a-st-jean-dillac\/#primaryimage"},"datePublished":"2020-09-24T10:12:05+00:00","dateModified":"2021-03-22T16:22:34+00:00","description":"V and B d\u00e9barque \u00e0 St-Jean-d\u2019Illac pour le 218\u00e8me V and B de France.","breadcrumb":{"@id":"https:\/\/www.bordeaux-gazette.com\/annuaire\/v-and-b-debarque-a-st-jean-dillac\/#breadcrumb"},"inLanguage":"fr-FR","potentialAction":[{"@type":"ReadAction","target":["https:\/\/www.bordeaux-gazette.com\/annuaire\/v-and-b-debarque-a-st-jean-dillac\/"]}]},{"@type":"BreadcrumbList","@id":"https:\/\/www.bordeaux-gazette.com\/annuaire\/v-and-b-debarque-a-st-jean-dillac\/#breadcrumb","itemListElement":[{"@type":"ListItem","position":1,"name":"Accueil","item":"https:\/\/www.bordeaux-gazette.com\/annuaire\/"},{"@type":"ListItem","position":2,"name":"V and B d\u00e9barque \u00e0 St-Jean-d\u2019Illac !"}]},{"@type":"Article","@id":"https:\/\/www.bordeaux-gazette.com\/annuaire\/v-and-b-debarque-a-st-jean-dillac\/#article","isPartOf":{"@id":"https:\/\/www.bordeaux-gazette.com\/annuaire\/v-and-b-debarque-a-st-jean-dillac\/#webpage"},"author":{"@id":"https:\/\/www.bordeaux-gazette.com\/annuaire\/#\/schema\/person\/7335e3c9b4a52ba98dc9037073e42b56"},"headline":"V and B d\u00e9barque \u00e0 St-Jean-d\u2019Illac !","datePublished":"2020-09-24T10:12:05+00:00","dateModified":"2021-03-22T16:22:34+00:00","mainEntityOfPage":{"@id":"https:\/\/www.bordeaux-gazette.com\/annuaire\/v-and-b-debarque-a-st-jean-dillac\/#webpage"},"wordCount":354,"commentCount":0,"publisher":{"@id":"https:\/\/www.bordeaux-gazette.com\/annuaire\/#organization"},"image":{"@id":"https:\/\/www.bordeaux-gazette.com\/annuaire\/v-and-b-debarque-a-st-jean-dillac\/#primaryimage"},"thumbnailUrl":"https:\/\/www.bordeaux-gazette.com\/annuaire\/wp-content\/uploads\/2020\/09\/wine-2933943_1920.jpg","keywords":["Saint-Jean-d'Illac"],"articleSection":["Le Blog"],"inLanguage":"fr-FR","potentialAction":[{"@type":"CommentAction","name":"Comment","target":["https:\/\/www.bordeaux-gazette.com\/annuaire\/v-and-b-debarque-a-st-jean-dillac\/#respond"]}]},{"@type":"Person","@id":"https:\/\/www.bordeaux-gazette.com\/annuaire\/#\/schema\/person\/7335e3c9b4a52ba98dc9037073e42b56","name":"Admin","image":{"@type":"ImageObject","@id":"https:\/\/www.bordeaux-gazette.com\/annuaire\/#personlogo","inLanguage":"fr-FR","url":"https:\/\/www.bordeaux-gazette.com\/annuaire\/wp-content\/uploads\/2020\/08\/user-1-150x150.jpg","contentUrl":"https:\/\/www.bordeaux-gazette.com\/annuaire\/wp-content\/uploads\/2020\/08\/user-1-150x150.jpg","caption":"Admin"},"sameAs":["https:\/\/www.facebook.com\/BGannuaire\/"]}]}},"_links":{"self":[{"href":"https:\/\/www.bordeaux-gazette.com\/annuaire\/wp-json\/wp\/v2\/posts\/1935"}],"collection":[{"href":"https:\/\/www.bordeaux-gazette.com\/annuaire\/wp-json\/wp\/v2\/posts"}],"about":[{"href":"https:\/\/www.bordeaux-gazette.com\/annuaire\/wp-json\/wp\/v2\/types\/post"}],"author":[{"embeddable":true,"href":"https:\/\/www.bordeaux-gazette.com\/annuaire\/wp-json\/wp\/v2\/users\/1"}],"replies":[{"embeddable":true,"href":"https:\/\/www.bordeaux-gazette.com\/annuaire\/wp-json\/wp\/v2\/comments?post=1935"}],"version-history":[{"count":3,"href":"https:\/\/www.bordeaux-gazette.com\/annuaire\/wp-json\/wp\/v2\/posts\/1935\/revisions"}],"predecessor-version":[{"id":1939,"href":"https:\/\/www.bordeaux-gazette.com\/annuaire\/wp-json\/wp\/v2\/posts\/1935\/revisions\/1939"}],"wp:featuredmedia":[{"embeddable":true,"href":"https:\/\/www.bordeaux-gazette.com\/annuaire\/wp-json\/wp\/v2\/media\/1936"}],"wp:attachment":[{"href":"https:\/\/www.bordeaux-gazette.com\/annuaire\/wp-json\/wp\/v2\/media?parent=1935"}],"wp:term":[{"taxonomy":"category","embeddable":true,"href":"https:\/\/www.bordeaux-gazette.com\/annuaire\/wp-json\/wp\/v2\/categories?post=1935"},{"taxonomy":"post_tag","embeddable":true,"href":"https:\/\/www.bordeaux-gazette.com\/annuaire\/wp-json\/wp\/v2\/tags?post=1935"}],"curies":[{"name":"wp","href":"https:\/\/api.w.org\/{rel}","templated":true}]}}